{"id":2341,"date":"2014-10-09T18:11:05","date_gmt":"2014-10-09T20:11:05","guid":{"rendered":"https:\/\/zeke.com.br\/blog\/mudancas-na-dctf-2014\/"},"modified":"2024-07-09T09:04:59","modified_gmt":"2024-07-09T12:04:59","slug":"mudancas-na-dctf-2014","status":"publish","type":"post","link":"https:\/\/www.zeke.com.br\/blog\/mudancas-na-dctf-2014\/","title":{"rendered":"Mudan\u00e7as na DCTF 2014 &#8211; Prazo Final da Declara\u00e7\u00e3o"},"content":{"rendered":"<p>A partir da compet\u00eancia Agosto de 2014 o envio da <strong>Declara\u00e7\u00e3o para a DCTF<\/strong> j\u00e1 deve ser com a vers\u00e3o 3.1 disponibilizada pela Receita Federal do Brasil em 18\/09.<\/p>\n<p>A mudan\u00e7a da vers\u00e3o ocorreu para atender os comandos da Lei 12.973 de 13 de maio de 2014, que entre outras coisas altera a regra para tributa\u00e7\u00e3o dos lucros auferidos no exterior, institui o balan\u00e7o fiscal, etc.<\/p>\n<p>No \u00e2mbito das igrejas, que s\u00e3o classificadas como imunes do imposto de renda, pouca coisa mudou, as igrejas continuam obrigadas a apresentar a DCTF mensalmente em vista da reten\u00e7\u00e3o do imposto de renda na fonte e do pagamento do Pis Fopag.<\/p>\n<p>Segundo a regra espec\u00edfica da Receita Federal do Brasil as pessoas jur\u00eddicas, inclusive isentas e imunes, que n\u00e3o tenham d\u00e9bitos a declarar estar\u00e3o dispensadas da entrega da DCTF a partir do 2\u00ba m\u00eas em que permanecerem nesta condi\u00e7\u00e3o.<\/p>\n<p>Para o m\u00eas de Agosto de 2014 todas as pessoas jur\u00eddicas, inclusive isentas e imunes, est\u00e3o obrigadas a apresentar a DCTF para comunicar a op\u00e7\u00e3o pelas regras previstas na lei 12.973.<\/p>\n<p>O nosso sistema de Gest\u00e3o de RH, SigeRH j\u00e1 est\u00e1 preparado para a exporta\u00e7\u00e3o dos dados para a nova DCTF, o menu Gera DCTF Mensal agora tem dois sub menus, o primeiro exporta para a DCTF vers\u00e3o 2.5 que dever\u00e1 ser utilizado at\u00e9 a compet\u00eancia Julho\/2014 inclusive, e o segundo exporta os dados para a DCTF vers\u00e3o 3.1 e dever\u00e1 ser utilizado a partir da compet\u00eancia Agosto\/2014.<\/p>\n<p>Informamos que o prazo para a entrega da DCTF relativa a compet\u00eancia Agosto de 2014 vence no dia 21\/10\/2014 as 23hrs59min59seg.<\/p>\n<p>Lembrando que a multa m\u00ednima a ser aplicada na hip\u00f3tese de atraso na entrega da declara\u00e7\u00e3o ser\u00e1 de R$ 500,00 (quinhentos reais); tratando-se de PJ inativa, ser\u00e1 de R$ 200,00 (duzentos reais).<\/p>\n<p>Confira tamb\u00e9m o que mudou para o <a href=\"https:\/\/www.zeke.com.br\/igrejas-ecd-ecf-dipj\/\">ECD, ECF e DIPJ para as igrejas evang\u00e9licas<\/a>.<\/p>\n","protected":false},"excerpt":{"rendered":"<p>A partir da compet\u00eancia Agosto de 2014 o envio da Declara\u00e7\u00e3o para a DCTF j\u00e1 deve ser com a vers\u00e3o 3.1 disponibilizada pela Receita Federal do Brasil em 18\/09. A mudan\u00e7a da vers\u00e3o ocorreu para atender os comandos da Lei 12.973 de 13 de maio de 2014, que entre outras coisas altera a regra para &#8230; <a title=\"Mudan\u00e7as na DCTF 2014 &#8211; Prazo Final da Declara\u00e7\u00e3o\" class=\"read-more\" href=\"https:\/\/www.zeke.com.br\/blog\/mudancas-na-dctf-2014\/\" aria-label=\"Read more about Mudan\u00e7as na DCTF 2014 &#8211; Prazo Final da Declara\u00e7\u00e3o\">Ler mais<\/a><\/p>\n","protected":false},"author":4,"featured_media":2343,"comment_status":"open","ping_status":"open","sticky":false,"template":"","format":"standard","meta":{"_monsterinsights_skip_tracking":false,"_monsterinsights_sitenote_active":false,"_monsterinsights_sitenote_note":"","_monsterinsights_sitenote_category":0,"footnotes":""},"categories":[96],"tags":[],"class_list":["post-2341","post","type-post","status-publish","format-standard","has-post-thumbnail","hentry","category-contabilidade-para-igrejas"],"_links":{"self":[{"href":"https:\/\/www.zeke.com.br\/blog\/wp-json\/wp\/v2\/posts\/2341","targetHints":{"allow":["GET"]}}],"collection":[{"href":"https:\/\/www.zeke.com.br\/blog\/wp-json\/wp\/v2\/posts"}],"about":[{"href":"https:\/\/www.zeke.com.br\/blog\/wp-json\/wp\/v2\/types\/post"}],"author":[{"embeddable":true,"href":"https:\/\/www.zeke.com.br\/blog\/wp-json\/wp\/v2\/users\/4"}],"replies":[{"embeddable":true,"href":"https:\/\/www.zeke.com.br\/blog\/wp-json\/wp\/v2\/comments?post=2341"}],"version-history":[{"count":2,"href":"https:\/\/www.zeke.com.br\/blog\/wp-json\/wp\/v2\/posts\/2341\/revisions"}],"predecessor-version":[{"id":12751,"href":"https:\/\/www.zeke.com.br\/blog\/wp-json\/wp\/v2\/posts\/2341\/revisions\/12751"}],"wp:featuredmedia":[{"embeddable":true,"href":"https:\/\/www.zeke.com.br\/blog\/wp-json\/wp\/v2\/media\/2343"}],"wp:attachment":[{"href":"https:\/\/www.zeke.com.br\/blog\/wp-json\/wp\/v2\/media?parent=2341"}],"wp:term":[{"taxonomy":"category","embeddable":true,"href":"https:\/\/www.zeke.com.br\/blog\/wp-json\/wp\/v2\/categories?post=2341"},{"taxonomy":"post_tag","embeddable":true,"href":"https:\/\/www.zeke.com.br\/blog\/wp-json\/wp\/v2\/tags?post=2341"}],"curies":[{"name":"wp","href":"https:\/\/api.w.org\/{rel}","templated":true}]}}