{"id":13258,"date":"2025-02-18T16:00:34","date_gmt":"2025-02-18T19:00:34","guid":{"rendered":"https:\/\/www.zeke.com.br\/blog\/?p=13258"},"modified":"2026-04-20T15:38:10","modified_gmt":"2026-04-20T18:38:10","slug":"romanos-8-28","status":"publish","type":"post","link":"https:\/\/www.zeke.com.br\/blog\/romanos-8-28\/","title":{"rendered":"Romanos 8:28 Explica\u00e7\u00e3o &#8211; No Final, A Vit\u00f3ria \u00e9 Certa!"},"content":{"rendered":"<p>Ana, professora em Goi\u00e1s,\u00a0<strong>perdeu o emprego<\/strong> na pandemia. Sem sal\u00e1rio, ela viu alunos abandonarem a escola.<\/p>\n<p><em>&#8220;Chorava no quarto, achando que Deus me abandonara&#8221;<\/em>, conta.<\/p>\n<p>Um dia, leu <strong>Romanos 8:28<\/strong> e decidiu usar sua garagem para dar aulas de refor\u00e7o. Pegou livros descartados, fez cartazes com papel\u00e3o e convidou crian\u00e7as da rua.<\/p>\n<p>Dois anos depois, 50 alunos aprendem ali, e dois deles descobriram sua voca\u00e7\u00e3o para o ensino.\u00a0<em>&#8220;Deus n\u00e3o impediu que eu vivesse uma crise, mas deu sentido a ela&#8221;<\/em>, diz.<\/p>\n<h4>Por que Isso Importa?<\/h4>\n<p>Assim como Ana, muitos passam por tribula\u00e7\u00f5es sem (aparentemente) receber uma resposta de Deus. Vale lembrar a defini\u00e7\u00e3o de <a href=\"https:\/\/www.zeke.com.br\/blog\/hebreus-11-1\/\">f\u00e9<\/a> em Hebreus 11:1 \u2014 &#8220;certeza daquilo que esperamos, convic\u00e7\u00e3o do que n\u00e3o vemos&#8221;.<\/p>\n<p>Precisamos entender que Romanos 8:28 \u00e9 uma promessa real: devemos <a href=\"https:\/\/www.zeke.com.br\/blog\/proverbios-3-5-6\/\">confiar no Senhor de todo o cora\u00e7\u00e3o<\/a>, porque Ele pode trazer prop\u00f3sito mesmo nos momentos mais dif\u00edceis.<\/p>\n<h2 id=\"comparativo-de-tradu-es\">Comparativo de Tradu\u00e7\u00f5es<\/h2>\n<table>\n<thead>\n<tr>\n<th><strong>Tradu\u00e7\u00e3o<\/strong><\/th>\n<th><strong>Texto de Romanos 8:28<\/strong><\/th>\n<th><strong>Destaque Exeg\u00e9tico<\/strong><\/th>\n<\/tr>\n<\/thead>\n<tbody>\n<tr>\n<td><strong>NVI<\/strong><\/td>\n<td><em>&#8220;Sabemos que Deus age em todas as coisas [&#8230;]&#8221;<\/em><\/td>\n<td><strong>&#8220;Deus age&#8221;<\/strong>\u00a0(gr.\u00a0<em>\u1f41 \u0398\u03b5\u1fd6\u03bf\u03c2 \u03c3\u03c5\u03bd\u03b5\u03c1\u03b3\u03b5\u1fd6<\/em>) enfatiza\u00a0<strong>a\u00e7\u00e3o divina ativa<\/strong>.<\/td>\n<\/tr>\n<tr>\n<td><strong>ARA<\/strong><\/td>\n<td><em>&#8220;Sabemos que todas as coisas cooperam para o bem [&#8230;]&#8221;<\/em><\/td>\n<td><strong>&#8220;Cooperam&#8221;<\/strong>\u00a0(gr.\u00a0<em>\u03c3\u03c5\u03bd\u03b5\u03c1\u03b3\u03b5\u1fd6<\/em>) sugere coopera\u00e7\u00e3o entre eventos e vontade divina.<\/td>\n<\/tr>\n<tr>\n<td><strong>ARC<\/strong><\/td>\n<td><em>&#8220;E sabemos que todas as coisas contribuem juntamente para o bem [&#8230;]&#8221;<\/em><\/td>\n<td><strong>&#8220;Contribuem juntamente&#8221;<\/strong>\u00a0reflete a ideia de\u00a0<em>sinergia c\u00f3smica<\/em>.<\/td>\n<\/tr>\n<tr>\n<td><strong>NTLH<\/strong><\/td>\n<td><em>&#8220;Sabemos que todas as coisas trabalham juntas [&#8230;]&#8221;<\/em><\/td>\n<td>Simplifica o grego, perdendo a nuance de\u00a0<strong>a\u00e7\u00e3o intencional de Deus<\/strong>.<\/td>\n<\/tr>\n<tr>\n<td><strong>NAA<\/strong><\/td>\n<td><em>&#8220;Sabemos que Deus faz cooperar todas as coisas [&#8230;]&#8221;<\/em><\/td>\n<td><strong>&#8220;Faz cooperar&#8221;<\/strong>\u00a0ressalta o controle soberano de Deus sobre o caos.<\/td>\n<\/tr>\n<\/tbody>\n<\/table>\n<p>A palavra\u00a0<strong>\u03c3\u03c5\u03bd\u03b5\u03c1\u03b3\u03b5\u1fd6 (synergei)<\/strong> aparece apenas 5 vezes no Novo Testamento, sempre indicando &#8220;<strong>parceria&#8221; divino-humana<\/strong>.<\/p>\n<p>N\u00e3o \u00e9 que &#8220;as coisas&#8221; tenham vida pr\u00f3pria: Deus as dirige como um maestro (Ef 1:11).<\/p>\n<h2 id=\"contexto-hist-rico-roma-sofrimento-e-soberania\">Contexto Hist\u00f3rico &#8211; Roma, Sofrimento e Soberania<\/h2>\n<p>Em\u00a0<strong>57 d.C.<\/strong>, Roma era um barril de p\u00f3lvora. O imperador Nero culpava crist\u00e3os por inc\u00eandios e pragas. Muitos eram queimados vivos como\u00a0<strong>tochas humanas<\/strong> em jardins imperiais.<\/p>\n<p>Paulo escreveu Romanos para fortalecer a f\u00e9 dos crist\u00e3os e unificar judeus e gentios na f\u00e9, lembrando que\u00a0<strong>Deus est\u00e1 no controle<\/strong>, mesmo quando o mundo parece desmoronar.<\/p>\n<p>Como afirma <a href=\"https:\/\/www.zeke.com.br\/blog\/numeros-23-19\/\">N\u00fameros 23:19<\/a>, &#8220;Deus n\u00e3o \u00e9 homem para que minta&#8221; \u2014 Suas promessas permanecem firmes no caos.<\/p>\n<p>Detalhes que mudam tudo:<\/p>\n<ol>\n<li><strong>Crist\u00e3os em Roma<\/strong>: Escravos, artes\u00e3os e at\u00e9 nobres marginalizados;<\/li>\n<li><strong>Cultura da Vergonha<\/strong>: Sofrer era visto como maldi\u00e7\u00e3o. Paulo diz: <strong>o sofrimento tem prop\u00f3sito<\/strong> (Rm 5:3-5);<\/li>\n<li><strong>Teologia vs. Realidade<\/strong>: Como crer num Deus bom sob persegui\u00e7\u00e3o? A resposta: <strong>Deus n\u00e3o evita o fogo, mas caminha nele conosco<\/strong>\u00a0(Dn 3:25).<\/li>\n<\/ol>\n<h2 id=\"conclus-o-caos-n-o-o-fim\">Conclus\u00e3o &#8211; Caos N\u00e3o \u00e9 o Fim<\/h2>\n<p>Ana, a professora de Goi\u00e1s, mostrou:\u00a0<strong>desemprego<\/strong>\u00a0pode virar\u00a0<strong>prop\u00f3sito<\/strong>.<\/p>\n<p>Seu caos se transfomou em aulas que impactaram a vida de outras pessoas. E voc\u00ea?<\/p>\n<p>Que hist\u00f3ria Deus quer escrever atrav\u00e9s da sua <strong>luta atual<\/strong>?<\/p>\n<p>Um ourives explica:\u00a0<em>&#8220;O fogo derrete o ouro para tirar impurezas&#8221;<\/em>. Assim, Deus usa\u00a0<strong>crises<\/strong> para nos purificar.<\/p>\n<p>A cruz foi o maior &#8220;mal&#8221;, mas trouxe a maior\u00a0<strong>reden\u00e7\u00e3o<\/strong>. N\u00e3o importa se voc\u00ea est\u00e1 desempregado, doente ou sozinho:\u00a0<strong>Deus n\u00e3o perdeu o controle<\/strong>.<\/p>\n<h4>Desafio Voc\u00ea A&#8230;<\/h4>\n<ul>\n<li>Escrever uma situa\u00e7\u00e3o que parece <strong>sem sa\u00edda<\/strong>;<\/li>\n<li><a href=\"https:\/\/www.zeke.com.br\/blog\/oracao-na-biblia\/\">Orar<\/a> como Ana fez: <em>&#8220;Deus, como o Senhor pode usar isso?&#8221;<\/em>;<\/li>\n<li>Dar um passo pr\u00e1tico, como Ana fez com sua garagem.<\/li>\n<\/ul>\n<h2 id=\"ora-o-final\">Ore Comigo<\/h2>\n<p><em>&#8220;Deus, mesmo no escuro, lembra-me que Tu est\u00e1s no controle.<br \/>\nFaz do meu caos um lugar de milagres.<br \/>\nEnsina-me a ver Tuas m\u00e3os trabalhando,<br \/>\nmesmo quando minhas l\u00e1grimas emba\u00e7am a vis\u00e3o.<br \/>\nQue eu sempre diga: \u2018Meu caos tem prop\u00f3sito\u2019.<br \/>\nEm nome de Jesus, Am\u00e9m!&#8221;<\/em><\/p>\n<h2 id=\"fontes\">Fontes<\/h2>\n<ol>\n<li><a href=\"https:\/\/amzn.to\/3QmIdT9\" target=\"_blank\" rel=\"noopener\">Coment\u00e1rio B\u00edblico de Romanos<\/a> &#8211; Douglas Moo (Editora Vida Nova);<\/li>\n<li><a href=\"https:\/\/amzn.to\/4b1TuSF\" target=\"_blank\" rel=\"noopener\">A Mensagem de Romanos<\/a> &#8211; John Stott (Editora ABU);<\/li>\n<li><strong>Artigo Acad\u00eamico<\/strong>:\u00a0<em>Theodicy in Pauline Theology<\/em>\u00a0(Dispon\u00edvel em:\u00a0<a href=\"https:\/\/www.jstor.org\/\" target=\"_blank\" rel=\"noopener\">JSTOR<\/a>);<\/li>\n<li><strong>Serm\u00e3o<\/strong>:\u00a0<em>Walking with God Through Pain and Suffering<\/em>\u00a0&#8211; Timothy Keller (Dispon\u00edvel em:\u00a0<a href=\"https:\/\/www.youtube.com\/\" target=\"_blank\" rel=\"noopener\">YouTube<\/a>).<\/li>\n<\/ol>\n<p>Vers\u00edculo para Memorizar:<\/p>\n<blockquote><p><em>&#8220;Sabemos que Deus age em todas as coisas para o bem daqueles que o amam, dos que foram chamados de acordo com o seu prop\u00f3sito&#8221;<\/em>\u00a0(Romanos 8:28, NVI).<\/p><\/blockquote>\n<p>Que passos voc\u00ea pode dar hoje para enxergar prop\u00f3sito em seu caos?<\/p>\n<p>Fique na Paz!<\/p>\n","protected":false},"excerpt":{"rendered":"<p>Ana, professora em Goi\u00e1s,\u00a0perdeu o emprego na pandemia. Sem sal\u00e1rio, ela viu alunos abandonarem a escola. &#8220;Chorava no quarto, achando que Deus me abandonara&#8221;, conta. Um dia, leu Romanos 8:28 e decidiu usar sua garagem para dar aulas de refor\u00e7o. Pegou livros descartados, fez cartazes com papel\u00e3o e convidou crian\u00e7as da rua. Dois anos depois, &#8230; <a title=\"Romanos 8:28 Explica\u00e7\u00e3o &#8211; No Final, A Vit\u00f3ria \u00e9 Certa!\" class=\"read-more\" href=\"https:\/\/www.zeke.com.br\/blog\/romanos-8-28\/\" aria-label=\"Read more about Romanos 8:28 Explica\u00e7\u00e3o &#8211; No Final, A Vit\u00f3ria \u00e9 Certa!\">Ler mais<\/a><\/p>\n","protected":false},"author":11,"featured_media":13259,"comment_status":"open","ping_status":"closed","sticky":false,"template":"","format":"standard","meta":{"_monsterinsights_skip_tracking":false,"_monsterinsights_sitenote_active":false,"_monsterinsights_sitenote_note":"","_monsterinsights_sitenote_category":0,"footnotes":""},"categories":[138],"tags":[],"class_list":["post-13258","post","type-post","status-publish","format-standard","has-post-thumbnail","hentry","category-devocionais"],"_links":{"self":[{"href":"https:\/\/www.zeke.com.br\/blog\/wp-json\/wp\/v2\/posts\/13258","targetHints":{"allow":["GET"]}}],"collection":[{"href":"https:\/\/www.zeke.com.br\/blog\/wp-json\/wp\/v2\/posts"}],"about":[{"href":"https:\/\/www.zeke.com.br\/blog\/wp-json\/wp\/v2\/types\/post"}],"author":[{"embeddable":true,"href":"https:\/\/www.zeke.com.br\/blog\/wp-json\/wp\/v2\/users\/11"}],"replies":[{"embeddable":true,"href":"https:\/\/www.zeke.com.br\/blog\/wp-json\/wp\/v2\/comments?post=13258"}],"version-history":[{"count":6,"href":"https:\/\/www.zeke.com.br\/blog\/wp-json\/wp\/v2\/posts\/13258\/revisions"}],"predecessor-version":[{"id":13670,"href":"https:\/\/www.zeke.com.br\/blog\/wp-json\/wp\/v2\/posts\/13258\/revisions\/13670"}],"wp:featuredmedia":[{"embeddable":true,"href":"https:\/\/www.zeke.com.br\/blog\/wp-json\/wp\/v2\/media\/13259"}],"wp:attachment":[{"href":"https:\/\/www.zeke.com.br\/blog\/wp-json\/wp\/v2\/media?parent=13258"}],"wp:term":[{"taxonomy":"category","embeddable":true,"href":"https:\/\/www.zeke.com.br\/blog\/wp-json\/wp\/v2\/categories?post=13258"},{"taxonomy":"post_tag","embeddable":true,"href":"https:\/\/www.zeke.com.br\/blog\/wp-json\/wp\/v2\/tags?post=13258"}],"curies":[{"name":"wp","href":"https:\/\/api.w.org\/{rel}","templated":true}]}}