{"id":12571,"date":"2024-07-08T15:32:00","date_gmt":"2024-07-08T18:32:00","guid":{"rendered":"https:\/\/www.zeke.com.br\/blog\/?p=12571"},"modified":"2026-04-20T17:27:53","modified_gmt":"2026-04-20T20:27:53","slug":"historia-de-jose-do-egito","status":"publish","type":"post","link":"https:\/\/www.zeke.com.br\/blog\/historia-de-jose-do-egito\/","title":{"rendered":"A Hist\u00f3ria de Jos\u00e9 do Egito &#8211; De Escravo a Governador"},"content":{"rendered":"<p>Hoje, vamos embarcar em uma jornada atrav\u00e9s do tempo e explorar a complexa din\u00e2mica familiar de Jac\u00f3 e seus filhos, com um foco especial em seu filho Jos\u00e9.<\/p>\n<p>A hist\u00f3ria de Jos\u00e9 do Egito \u00e9, sem d\u00favida, uma das narrativas mais conhecidas do Antigo Testamento, registrada no livro de G\u00eanesis (cap\u00edtulos 37 a 50). Aqui est\u00e3o alguns pontos-chave dessa emocionante jornada:<\/p>\n<table>\n<thead>\n<tr>\n<th>T\u00f3pico<\/th>\n<th>Descri\u00e7\u00e3o<\/th>\n<\/tr>\n<\/thead>\n<tbody>\n<tr>\n<td>Nascimento e Rivalidade com os Irm\u00e3os<\/td>\n<td>Jos\u00e9 era um dos filhos de Jac\u00f3 (tamb\u00e9m conhecido como Israel) e nasceu em uma fam\u00edlia com treze irm\u00e3os. Ele era o preferido de seu pai, Jac\u00f3, o que gerou inveja e ressentimento entre seus irm\u00e3os. Jos\u00e9 tinha sonhos prof\u00e9ticos, incluindo um em que seus irm\u00e3os se curvavam diante dele, o que aumentou ainda mais a rivalidade.<\/td>\n<\/tr>\n<tr>\n<td>Vendido como Escravo<\/td>\n<td>Seus irm\u00e3os, movidos pela inveja, o venderam como escravo aos ismaelitas. Jos\u00e9 foi levado para o Egito, onde se tornou propriedade de Potifar, um oficial eg\u00edpcio.<\/td>\n<\/tr>\n<tr>\n<td>Integridade e Pris\u00e3o<\/td>\n<td>Jos\u00e9 demonstrou integridade e confian\u00e7a em Deus enquanto servia na casa de Potifar. No entanto, ele foi injustamente acusado de tentativa de sedu\u00e7\u00e3o pela esposa de Potifar e jogado na pris\u00e3o.<\/td>\n<\/tr>\n<tr>\n<td>Interpreta\u00e7\u00e3o de Sonhos no C\u00e1rcere<\/td>\n<td>Na pris\u00e3o, Jos\u00e9 continuou a interpretar sonhos. Ele interpretou os sonhos de dois companheiros de cela: o copeiro e o padeiro do fara\u00f3. Mais tarde, o fara\u00f3 teve um sonho misterioso, e o copeiro lembrou-se de Jos\u00e9. Jos\u00e9 interpretou o sonho do fara\u00f3, prevendo sete anos de abund\u00e2ncia seguidos por sete anos de fome.<\/td>\n<\/tr>\n<tr>\n<td>Ascens\u00e3o ao Poder no Egito<\/td>\n<td>O fara\u00f3 ficou impressionado com a capacidade de Jos\u00e9 e o elevou \u00e0 posi\u00e7\u00e3o de governador do Egito. Durante os anos de abund\u00e2ncia, Jos\u00e9 armazenou gr\u00e3os para enfrentar a fome iminente.<\/td>\n<\/tr>\n<tr>\n<td>Reconcilia\u00e7\u00e3o com os Irm\u00e3os<\/td>\n<td>A fome atingiu Cana\u00e3, e os irm\u00e3os de Jos\u00e9 vieram ao Egito em busca de comida. Jos\u00e9 os reconheceu, mas eles n\u00e3o o reconheceram. Ele testou sua sinceridade antes de finalmente se revelar a eles. Jos\u00e9 perdoou seus irm\u00e3os e os reconciliou, trazendo a fam\u00edlia de volta ao Egito.<\/td>\n<\/tr>\n<tr>\n<td>Conclus\u00e3o<\/td>\n<td>A hist\u00f3ria de Jos\u00e9 \u00e9 um exemplo de perseveran\u00e7a, f\u00e9 em Deus e perd\u00e3o. Ela nos ensina que, mesmo em meio \u00e0s dificuldades, podemos confiar que Deus tem um prop\u00f3sito para cada situa\u00e7\u00e3o em nossas vidas.<\/td>\n<\/tr>\n<\/tbody>\n<\/table>\n<h3>A Prefer\u00eancia de Jac\u00f3 por Jos\u00e9<\/h3>\n<p>Jac\u00f3, tamb\u00e9m conhecido como Israel, era um homem de grande f\u00e9 \u2014 neto de Abra\u00e3o, o mesmo patriarca que havia entregado o d\u00edzimo a <a href=\"https:\/\/www.zeke.com.br\/blog\/quem-foi-melquisedeque\/\">Melquisedeque<\/a>. Jac\u00f3 teve doze filhos de quatro mulheres diferentes &#8211; Lia, Raquel, Bila e Zilpa.<\/p>\n<p>Cada um desses filhos desempenhou um papel importante na hist\u00f3ria de Israel, mas havia um que se destacava aos olhos de Jac\u00f3.<\/p>\n<p><img fetchpriority=\"high\" decoding=\"async\" class=\"alignnone size-large wp-image-12626\" src=\"https:\/\/www.zeke.com.br\/blog\/wp-content\/uploads\/2024\/07\/jaco-1-1024x574.jpg\" alt=\"Jac\u00f3\" width=\"1024\" height=\"574\" srcset=\"https:\/\/www.zeke.com.br\/blog\/wp-content\/uploads\/2024\/07\/jaco-1-1024x574.jpg 1024w, https:\/\/www.zeke.com.br\/blog\/wp-content\/uploads\/2024\/07\/jaco-1-300x168.jpg 300w, https:\/\/www.zeke.com.br\/blog\/wp-content\/uploads\/2024\/07\/jaco-1-768x430.jpg 768w, https:\/\/www.zeke.com.br\/blog\/wp-content\/uploads\/2024\/07\/jaco-1.jpg 1456w\" sizes=\"(max-width: 1024px) 100vw, 1024px\" \/><\/p>\n<p>Jos\u00e9, o filho de Raquel, a amada esposa de Jac\u00f3, era especial. Desde cedo, Jos\u00e9 mostrou uma sabedoria e uma maturidade que iam al\u00e9m de sua idade. Ele era um jovem de bom cora\u00e7\u00e3o, cheio de sonhos e com um esp\u00edrito fervoroso.<\/p>\n<p>Jac\u00f3, vendo o potencial de Jos\u00e9, n\u00e3o conseguiu esconder sua prefer\u00eancia por ele. Ele amava Jos\u00e9 mais do que todos os seus outros filhos.<\/p>\n<p>Essa prefer\u00eancia n\u00e3o passou despercebida pelos outros irm\u00e3os, que come\u00e7aram a sentir uma crescente amargura e ci\u00fame.<\/p>\n<p><img decoding=\"async\" class=\"alignnone size-large wp-image-12636\" src=\"https:\/\/www.zeke.com.br\/blog\/wp-content\/uploads\/2024\/07\/jaco-jose-1-1024x574.jpg\" alt=\"Jac\u00f3 e Jos\u00e9\" width=\"1024\" height=\"574\" srcset=\"https:\/\/www.zeke.com.br\/blog\/wp-content\/uploads\/2024\/07\/jaco-jose-1-1024x574.jpg 1024w, https:\/\/www.zeke.com.br\/blog\/wp-content\/uploads\/2024\/07\/jaco-jose-1-300x168.jpg 300w, https:\/\/www.zeke.com.br\/blog\/wp-content\/uploads\/2024\/07\/jaco-jose-1-768x430.jpg 768w, https:\/\/www.zeke.com.br\/blog\/wp-content\/uploads\/2024\/07\/jaco-jose-1.jpg 1456w\" sizes=\"(max-width: 1024px) 100vw, 1024px\" \/><\/p>\n<p>A rela\u00e7\u00e3o entre Jac\u00f3 e Jos\u00e9, e a tens\u00e3o crescente entre Jos\u00e9 e seus irm\u00e3os, \u00e9 um testemunho do amor de um pai, mas tamb\u00e9m um lembrete das complexidades e desafios que podem surgir dentro das fam\u00edlias.<\/p>\n<p><img decoding=\"async\" class=\"alignnone size-large wp-image-12614\" src=\"https:\/\/www.zeke.com.br\/blog\/wp-content\/uploads\/2024\/07\/irmaos-jose-2-1024x574.jpg\" alt=\"Irm\u00e3os de Jos\u00e9\" width=\"1024\" height=\"574\" srcset=\"https:\/\/www.zeke.com.br\/blog\/wp-content\/uploads\/2024\/07\/irmaos-jose-2-1024x574.jpg 1024w, https:\/\/www.zeke.com.br\/blog\/wp-content\/uploads\/2024\/07\/irmaos-jose-2-300x168.jpg 300w, https:\/\/www.zeke.com.br\/blog\/wp-content\/uploads\/2024\/07\/irmaos-jose-2-768x430.jpg 768w, https:\/\/www.zeke.com.br\/blog\/wp-content\/uploads\/2024\/07\/irmaos-jose-2.jpg 1456w\" sizes=\"(max-width: 1024px) 100vw, 1024px\" \/><\/p>\n<p>E foi nesse cen\u00e1rio de amor preferencial e ci\u00fame fraterno que uma pe\u00e7a de vestu\u00e1rio se tornou um s\u00edmbolo de divis\u00e3o e um pren\u00fancio de uma hist\u00f3ria incr\u00edvel que estava por vir.<\/p>\n<h3>A T\u00fanica Colorida de Jos\u00e9<\/h3>\n<p>Jac\u00f3, movido pelo amor especial que sentia por Jos\u00e9, decidiu fazer para ele uma t\u00fanica de muitas cores. Esta n\u00e3o era uma simples pe\u00e7a de vestu\u00e1rio.<\/p>\n<p><img loading=\"lazy\" decoding=\"async\" class=\"alignnone size-large wp-image-12693\" src=\"https:\/\/www.zeke.com.br\/blog\/wp-content\/uploads\/2024\/07\/jose-tunica-feliz-1024x574.jpg\" alt=\"Jos\u00e9 feliz com sua t\u00fanica colorida\" width=\"1024\" height=\"574\" srcset=\"https:\/\/www.zeke.com.br\/blog\/wp-content\/uploads\/2024\/07\/jose-tunica-feliz-1024x574.jpg 1024w, https:\/\/www.zeke.com.br\/blog\/wp-content\/uploads\/2024\/07\/jose-tunica-feliz-300x168.jpg 300w, https:\/\/www.zeke.com.br\/blog\/wp-content\/uploads\/2024\/07\/jose-tunica-feliz-768x430.jpg 768w, https:\/\/www.zeke.com.br\/blog\/wp-content\/uploads\/2024\/07\/jose-tunica-feliz.jpg 1456w\" sizes=\"(max-width: 1024px) 100vw, 1024px\" \/><\/p>\n<p>Naquela \u00e9poca, uma t\u00fanica colorida era um sinal de distin\u00e7\u00e3o, geralmente reservada para a nobreza ou para o filho mais velho, o herdeiro da fam\u00edlia. Ao dar a Jos\u00e9 essa t\u00fanica, Jac\u00f3 estava, de certa forma, elevando Jos\u00e9 acima de seus irm\u00e3os.<\/p>\n<p>A t\u00fanica colorida, brilhante e distinta, tornou-se um s\u00edmbolo tang\u00edvel da prefer\u00eancia de Jac\u00f3. Cada vez que os irm\u00e3os viam Jos\u00e9 com sua t\u00fanica, eram lembrados de que ele era o favorito.<\/p>\n<p>O ci\u00fame, que j\u00e1 era uma semente em seus cora\u00e7\u00f5es, come\u00e7ou a crescer, alimentado pela vis\u00e3o constante da t\u00fanica colorida.<\/p>\n<p>Mas, apesar do crescente ressentimento, Jos\u00e9 continuou a usar a t\u00fanica, orgulhoso do amor de seu pai e inconsciente do furor que estava despertando em seus irm\u00e3os.<\/p>\n<p>E foi nesse cen\u00e1rio de tens\u00e3o familiar que Jos\u00e9 come\u00e7ou a ter sonhos, sonhos que falavam de grandeza e dom\u00ednio.<\/p>\n<h3>Primeiro Sonho de Jos\u00e9<\/h3>\n<p>Jos\u00e9, o jovem sonhador, teve um sonho que deixou seus irm\u00e3os ainda mais ressentidos. No sonho, Jos\u00e9 e seus irm\u00e3os estavam no campo, amarrando feixes de trigo.<\/p>\n<p>De repente, o feixe de Jos\u00e9 se levantou e permaneceu em p\u00e9, enquanto os feixes de seus irm\u00e3os se inclinaram diante dele.<\/p>\n<p><img loading=\"lazy\" decoding=\"async\" class=\"alignnone size-large wp-image-12708\" src=\"https:\/\/www.zeke.com.br\/blog\/wp-content\/uploads\/2024\/07\/primeiro-sonho-jose-1024x574.jpg\" alt=\"Primeiro Sonho de Jos\u00e9\" width=\"1024\" height=\"574\" srcset=\"https:\/\/www.zeke.com.br\/blog\/wp-content\/uploads\/2024\/07\/primeiro-sonho-jose-1024x574.jpg 1024w, https:\/\/www.zeke.com.br\/blog\/wp-content\/uploads\/2024\/07\/primeiro-sonho-jose-300x168.jpg 300w, https:\/\/www.zeke.com.br\/blog\/wp-content\/uploads\/2024\/07\/primeiro-sonho-jose-768x430.jpg 768w, https:\/\/www.zeke.com.br\/blog\/wp-content\/uploads\/2024\/07\/primeiro-sonho-jose.jpg 1456w\" sizes=\"(max-width: 1024px) 100vw, 1024px\" \/><\/p>\n<p>Quando Jos\u00e9 compartilhou esse sonho com seus irm\u00e3os, a rea\u00e7\u00e3o deles foi previs\u00edvel. Eles perguntaram: &#8216;Voc\u00ea realmente acha que vai reinar sobre n\u00f3s? Voc\u00ea acha que vai governar sobre n\u00f3s?&#8217;\u2019<\/p>\n<p>O sonho, que Jos\u00e9 provavelmente viu como uma promessa de Deus, foi visto pelos irm\u00e3os como mais uma prova de sua presun\u00e7\u00e3o. Eles n\u00e3o podiam suportar a ideia de se curvar diante de seu irm\u00e3o mais novo, o favorito de seu pai.<\/p>\n<p><img loading=\"lazy\" decoding=\"async\" class=\"alignnone size-large wp-image-12604\" src=\"https:\/\/www.zeke.com.br\/blog\/wp-content\/uploads\/2024\/07\/irmao-bravo-2-1024x574.jpg\" alt=\"Irm\u00e3o de Jos\u00e9 Irritado\" width=\"1024\" height=\"574\" srcset=\"https:\/\/www.zeke.com.br\/blog\/wp-content\/uploads\/2024\/07\/irmao-bravo-2-1024x574.jpg 1024w, https:\/\/www.zeke.com.br\/blog\/wp-content\/uploads\/2024\/07\/irmao-bravo-2-300x168.jpg 300w, https:\/\/www.zeke.com.br\/blog\/wp-content\/uploads\/2024\/07\/irmao-bravo-2-768x430.jpg 768w, https:\/\/www.zeke.com.br\/blog\/wp-content\/uploads\/2024\/07\/irmao-bravo-2.jpg 1456w\" sizes=\"(max-width: 1024px) 100vw, 1024px\" \/><\/p>\n<p>E foi nesse clima de tens\u00e3o e ressentimento que Jos\u00e9 teve um segundo sonho, um sonho que iria aprofundar ainda mais a divis\u00e3o entre ele e seus irm\u00e3os.<\/p>\n<h3>Segundo Sonho de Jos\u00e9<\/h3>\n<p><img loading=\"lazy\" decoding=\"async\" class=\"alignnone size-large wp-image-12713\" src=\"https:\/\/www.zeke.com.br\/blog\/wp-content\/uploads\/2024\/07\/segundo-sonho-jose-1024x574.jpg\" alt=\"Segundo Sonho de Jos\u00e9 com Sol, Lua e Estrelas\" width=\"1024\" height=\"574\" srcset=\"https:\/\/www.zeke.com.br\/blog\/wp-content\/uploads\/2024\/07\/segundo-sonho-jose-1024x574.jpg 1024w, https:\/\/www.zeke.com.br\/blog\/wp-content\/uploads\/2024\/07\/segundo-sonho-jose-300x168.jpg 300w, https:\/\/www.zeke.com.br\/blog\/wp-content\/uploads\/2024\/07\/segundo-sonho-jose-768x430.jpg 768w, https:\/\/www.zeke.com.br\/blog\/wp-content\/uploads\/2024\/07\/segundo-sonho-jose.jpg 1456w\" sizes=\"(max-width: 1024px) 100vw, 1024px\" \/><\/p>\n<p>No segundo sonho de Jos\u00e9, o sol, a lua e onze estrelas se inclinaram diante dele. Este sonho era ainda mais audacioso que o primeiro. N\u00e3o eram apenas os irm\u00e3os de Jos\u00e9 que se inclinaram diante dele, mas tamb\u00e9m seu pai e sua m\u00e3e.<\/p>\n<p>Quando Jos\u00e9 compartilhou esse sonho com sua fam\u00edlia, a rea\u00e7\u00e3o foi de incredulidade e repreens\u00e3o. Mesmo Jac\u00f3, que amava Jos\u00e9 mais do que qualquer um de seus outros filhos, repreendeu-o, perguntando:<\/p>\n<p><img loading=\"lazy\" decoding=\"async\" class=\"alignnone size-large wp-image-12643\" src=\"https:\/\/www.zeke.com.br\/blog\/wp-content\/uploads\/2024\/07\/jaco-respondendo-jose-1024x574.jpg\" alt=\"Jac\u00f3 respondendo Jos\u00e9\" width=\"1024\" height=\"574\" srcset=\"https:\/\/www.zeke.com.br\/blog\/wp-content\/uploads\/2024\/07\/jaco-respondendo-jose-1024x574.jpg 1024w, https:\/\/www.zeke.com.br\/blog\/wp-content\/uploads\/2024\/07\/jaco-respondendo-jose-300x168.jpg 300w, https:\/\/www.zeke.com.br\/blog\/wp-content\/uploads\/2024\/07\/jaco-respondendo-jose-768x430.jpg 768w, https:\/\/www.zeke.com.br\/blog\/wp-content\/uploads\/2024\/07\/jaco-respondendo-jose.jpg 1456w\" sizes=\"(max-width: 1024px) 100vw, 1024px\" \/><\/p>\n<p>&#8216;Que tipo de sonho \u00e9 esse que voc\u00ea teve? Voc\u00ea realmente acha que sua m\u00e3e e eu e seus irm\u00e3os viremos nos curvar at\u00e9 o ch\u00e3o diante de voc\u00ea?&#8217;<\/p>\n<p>O sonho, que para Jos\u00e9 poderia ter sido uma promessa de grandeza, foi visto por sua fam\u00edlia como um sinal de presun\u00e7\u00e3o. O ci\u00fame e a raiva de seus irm\u00e3os se intensificaram, e at\u00e9 mesmo Jac\u00f3 come\u00e7ou a questionar a sabedoria de seu filho favorito.<\/p>\n<p>E foi nesse clima de tens\u00e3o e descontentamento que os irm\u00e3os de Jos\u00e9 come\u00e7aram a tramar contra ele.<\/p>\n<h3>Inveja dos Irm\u00e3os e a Trama para Mat\u00e1-lo<\/h3>\n<p><img loading=\"lazy\" decoding=\"async\" class=\"alignnone size-large wp-image-12619\" src=\"https:\/\/www.zeke.com.br\/blog\/wp-content\/uploads\/2024\/07\/irmaos-no-campo-1024x574.jpg\" alt=\"Irm\u00e3os de Jos\u00e9 Trabalhando no Campo\" width=\"1024\" height=\"574\" srcset=\"https:\/\/www.zeke.com.br\/blog\/wp-content\/uploads\/2024\/07\/irmaos-no-campo-1024x574.jpg 1024w, https:\/\/www.zeke.com.br\/blog\/wp-content\/uploads\/2024\/07\/irmaos-no-campo-300x168.jpg 300w, https:\/\/www.zeke.com.br\/blog\/wp-content\/uploads\/2024\/07\/irmaos-no-campo-768x430.jpg 768w, https:\/\/www.zeke.com.br\/blog\/wp-content\/uploads\/2024\/07\/irmaos-no-campo.jpg 1456w\" sizes=\"(max-width: 1024px) 100vw, 1024px\" \/><\/p>\n<p>Jac\u00f3, sem saber do ressentimento profundo que os irm\u00e3os nutriam por Jos\u00e9, enviou-o para verificar o bem-estar deles no campo.<\/p>\n<p>Quando os irm\u00e3os avistaram Jos\u00e9 de longe, a t\u00fanica colorida brilhando ao sol, eles viram a oportunidade perfeita para se livrar do irm\u00e3o que tanto detestavam.<\/p>\n<p>Eles atacaram Jos\u00e9, arrancaram sua preciosa t\u00fanica e o jogaram em um po\u00e7o vazio. Enquanto Jos\u00e9 estava no po\u00e7o, eles discutiram o que fazer com ele.<\/p>\n<p>A ideia de mat\u00e1-lo foi levantada, mas Jud\u00e1, um dos irm\u00e3os, sugeriu uma alternativa. Por que n\u00e3o vender Jos\u00e9 como escravo?<\/p>\n<p><img loading=\"lazy\" decoding=\"async\" class=\"alignnone size-large wp-image-12675\" src=\"https:\/\/www.zeke.com.br\/blog\/wp-content\/uploads\/2024\/07\/jose-no-poco-1024x574.jpg\" alt=\"Jos\u00e9 no Po\u00e7o\" width=\"1024\" height=\"574\" srcset=\"https:\/\/www.zeke.com.br\/blog\/wp-content\/uploads\/2024\/07\/jose-no-poco-1024x574.jpg 1024w, https:\/\/www.zeke.com.br\/blog\/wp-content\/uploads\/2024\/07\/jose-no-poco-300x168.jpg 300w, https:\/\/www.zeke.com.br\/blog\/wp-content\/uploads\/2024\/07\/jose-no-poco-768x430.jpg 768w, https:\/\/www.zeke.com.br\/blog\/wp-content\/uploads\/2024\/07\/jose-no-poco.jpg 1456w\" sizes=\"(max-width: 1024px) 100vw, 1024px\" \/><\/p>\n<p>E assim, Jos\u00e9, o sonhador, o favorito de seu pai, foi vendido como escravo a mercadores que passavam a caminho do Egito. Ruben, ao retornar ao po\u00e7o e encontrar Jos\u00e9 ausente, ficou desolado.<\/p>\n<p>Para encobrir o que haviam feito, os irm\u00e3os mancharam a t\u00fanica de Jos\u00e9 com sangue de animal e a levaram a Jac\u00f3, dizendo que haviam encontrado a t\u00fanica e sugerindo que Jos\u00e9 havia sido morto por um animal selvagem.<\/p>\n<p><img loading=\"lazy\" decoding=\"async\" class=\"alignnone size-large wp-image-12724\" src=\"https:\/\/www.zeke.com.br\/blog\/wp-content\/uploads\/2024\/07\/tunica-com-sangue-1024x574.jpg\" alt=\"T\u00fanica com Sangue\" width=\"1024\" height=\"574\" srcset=\"https:\/\/www.zeke.com.br\/blog\/wp-content\/uploads\/2024\/07\/tunica-com-sangue-1024x574.jpg 1024w, https:\/\/www.zeke.com.br\/blog\/wp-content\/uploads\/2024\/07\/tunica-com-sangue-300x168.jpg 300w, https:\/\/www.zeke.com.br\/blog\/wp-content\/uploads\/2024\/07\/tunica-com-sangue-768x430.jpg 768w, https:\/\/www.zeke.com.br\/blog\/wp-content\/uploads\/2024\/07\/tunica-com-sangue.jpg 1456w\" sizes=\"(max-width: 1024px) 100vw, 1024px\" \/><\/p>\n<p>Jac\u00f3, ao ver a t\u00fanica ensanguentada de seu filho amado, ficou inconsol\u00e1vel. Ele chorou por seu filho, recusando ser consolado.<\/p>\n<p>E foi assim que Jos\u00e9, o sonhador, encontrou-se a caminho do Egito, longe de sua fam\u00edlia e de tudo que conhecia.<\/p>\n<h3>Jos\u00e9 na Casa de Potifar<\/h3>\n<p><img loading=\"lazy\" decoding=\"async\" class=\"alignnone size-large wp-image-12650\" src=\"https:\/\/www.zeke.com.br\/blog\/wp-content\/uploads\/2024\/07\/jose-camiho-egito-1024x675.jpg\" alt=\"Jos\u00e9 a caminho do Egito\" width=\"1024\" height=\"675\" srcset=\"https:\/\/www.zeke.com.br\/blog\/wp-content\/uploads\/2024\/07\/jose-camiho-egito-1024x675.jpg 1024w, https:\/\/www.zeke.com.br\/blog\/wp-content\/uploads\/2024\/07\/jose-camiho-egito-300x198.jpg 300w, https:\/\/www.zeke.com.br\/blog\/wp-content\/uploads\/2024\/07\/jose-camiho-egito-768x506.jpg 768w, https:\/\/www.zeke.com.br\/blog\/wp-content\/uploads\/2024\/07\/jose-camiho-egito.jpg 1360w\" sizes=\"(max-width: 1024px) 100vw, 1024px\" \/><\/p>\n<p>Jos\u00e9, arrancado de sua terra natal e vendido como escravo, sentiu o peso da tristeza. Ele estava longe de seu amado pai, longe de sua casa, e tinha sido tra\u00eddo por seus pr\u00f3prios irm\u00e3os.<\/p>\n<p>Ele se perguntava por que isso tinha acontecido com ele, por que ele, que sempre tentou fazer o que era certo, estava agora em uma terra estrangeira, sozinho e escravizado.<\/p>\n<p><img loading=\"lazy\" decoding=\"async\" class=\"alignnone size-large wp-image-12690\" src=\"https:\/\/www.zeke.com.br\/blog\/wp-content\/uploads\/2024\/07\/jose-triste-2-1024x574.jpg\" alt=\"Jos\u00e9 Triste\" width=\"1024\" height=\"574\" srcset=\"https:\/\/www.zeke.com.br\/blog\/wp-content\/uploads\/2024\/07\/jose-triste-2-1024x574.jpg 1024w, https:\/\/www.zeke.com.br\/blog\/wp-content\/uploads\/2024\/07\/jose-triste-2-300x168.jpg 300w, https:\/\/www.zeke.com.br\/blog\/wp-content\/uploads\/2024\/07\/jose-triste-2-768x430.jpg 768w, https:\/\/www.zeke.com.br\/blog\/wp-content\/uploads\/2024\/07\/jose-triste-2.jpg 1456w\" sizes=\"(max-width: 1024px) 100vw, 1024px\" \/><\/p>\n<p>Mas mesmo em meio \u00e0 tristeza e \u00e0 incerteza, Jos\u00e9 n\u00e3o perdeu a f\u00e9. Ele se manteve firme, confiando que Deus estava com ele, mesmo naquela situa\u00e7\u00e3o dif\u00edcil.<\/p>\n<p>No Egito, Jos\u00e9 foi comprado por um homem chamado Potifar, um oficial de alto escal\u00e3o do fara\u00f3. Potifar viu algo em Jos\u00e9, algo que o fez acreditar que aquele jovem hebreu era diferente dos outros escravos.<\/p>\n<p><img loading=\"lazy\" decoding=\"async\" class=\"alignnone size-large wp-image-12704\" src=\"https:\/\/www.zeke.com.br\/blog\/wp-content\/uploads\/2024\/07\/potifar-1024x574.jpg\" alt=\"Potifar\" width=\"1024\" height=\"574\" srcset=\"https:\/\/www.zeke.com.br\/blog\/wp-content\/uploads\/2024\/07\/potifar-1024x574.jpg 1024w, https:\/\/www.zeke.com.br\/blog\/wp-content\/uploads\/2024\/07\/potifar-300x168.jpg 300w, https:\/\/www.zeke.com.br\/blog\/wp-content\/uploads\/2024\/07\/potifar-768x430.jpg 768w, https:\/\/www.zeke.com.br\/blog\/wp-content\/uploads\/2024\/07\/potifar.jpg 1456w\" sizes=\"(max-width: 1024px) 100vw, 1024px\" \/><\/p>\n<p>E assim, Jos\u00e9, o sonhador, encontrou-se em uma nova casa, servindo a um novo mestre.<\/p>\n<h3>Ascens\u00e3o na Casa de Potifar<\/h3>\n<p><img loading=\"lazy\" decoding=\"async\" class=\"alignnone size-large wp-image-12679\" src=\"https:\/\/www.zeke.com.br\/blog\/wp-content\/uploads\/2024\/07\/jose-perseverante-1-1024x574.jpg\" alt=\"Jos\u00e9 Perseverante\" width=\"1024\" height=\"574\" srcset=\"https:\/\/www.zeke.com.br\/blog\/wp-content\/uploads\/2024\/07\/jose-perseverante-1-1024x574.jpg 1024w, https:\/\/www.zeke.com.br\/blog\/wp-content\/uploads\/2024\/07\/jose-perseverante-1-300x168.jpg 300w, https:\/\/www.zeke.com.br\/blog\/wp-content\/uploads\/2024\/07\/jose-perseverante-1-768x430.jpg 768w, https:\/\/www.zeke.com.br\/blog\/wp-content\/uploads\/2024\/07\/jose-perseverante-1.jpg 1456w\" sizes=\"(max-width: 1024px) 100vw, 1024px\" \/><\/p>\n<p>Jos\u00e9, mesmo sendo um escravo em uma terra estrangeira, n\u00e3o se deixou abater. Ele trabalhou arduamente, mostrando integridade e sabedoria em tudo o que fazia. Sua atitude e dedica\u00e7\u00e3o n\u00e3o passaram despercebidas por Potifar.<\/p>\n<p><img loading=\"lazy\" decoding=\"async\" class=\"alignnone size-large wp-image-12688\" src=\"https:\/\/www.zeke.com.br\/blog\/wp-content\/uploads\/2024\/07\/jose-trabalhando-1024x574.jpg\" alt=\"Jos\u00e9 Trabalhando\" width=\"1024\" height=\"574\" srcset=\"https:\/\/www.zeke.com.br\/blog\/wp-content\/uploads\/2024\/07\/jose-trabalhando-1024x574.jpg 1024w, https:\/\/www.zeke.com.br\/blog\/wp-content\/uploads\/2024\/07\/jose-trabalhando-300x168.jpg 300w, https:\/\/www.zeke.com.br\/blog\/wp-content\/uploads\/2024\/07\/jose-trabalhando-768x430.jpg 768w, https:\/\/www.zeke.com.br\/blog\/wp-content\/uploads\/2024\/07\/jose-trabalhando.jpg 1456w\" sizes=\"(max-width: 1024px) 100vw, 1024px\" \/><\/p>\n<p>Potifar viu em Jos\u00e9 um homem de car\u00e1ter e habilidade. Ele percebeu que tudo o que Jos\u00e9 fazia prosperava, e isso o impressionou. Potifar colocou Jos\u00e9 como supervisor de sua casa, confiando-lhe todos os seus neg\u00f3cios.<\/p>\n<p>Jos\u00e9, o sonhador, o escravo, tornou-se um homem de grande responsabilidade e respeito na casa de Potifar. Ele administrou a casa de Potifar com sabedoria e integridade, ganhando a confian\u00e7a e o respeito de seu mestre.<\/p>\n<p><img loading=\"lazy\" decoding=\"async\" class=\"alignnone size-large wp-image-12706\" src=\"https:\/\/www.zeke.com.br\/blog\/wp-content\/uploads\/2024\/07\/potifar-feliz-1024x574.jpg\" alt=\"Potifar feliz com o trabalho de Jos\u00e9\" width=\"1024\" height=\"574\" srcset=\"https:\/\/www.zeke.com.br\/blog\/wp-content\/uploads\/2024\/07\/potifar-feliz-1024x574.jpg 1024w, https:\/\/www.zeke.com.br\/blog\/wp-content\/uploads\/2024\/07\/potifar-feliz-300x168.jpg 300w, https:\/\/www.zeke.com.br\/blog\/wp-content\/uploads\/2024\/07\/potifar-feliz-768x430.jpg 768w, https:\/\/www.zeke.com.br\/blog\/wp-content\/uploads\/2024\/07\/potifar-feliz.jpg 1456w\" sizes=\"(max-width: 1024px) 100vw, 1024px\" \/><\/p>\n<p>Mas, mesmo em meio ao sucesso e \u00e0 prosperidade, Jos\u00e9 enfrentaria uma nova prova\u00e7\u00e3o, uma tenta\u00e7\u00e3o que testaria seu car\u00e1ter e sua f\u00e9.<\/p>\n<h3>A Tenta\u00e7\u00e3o de Jos\u00e9<\/h3>\n<p><img loading=\"lazy\" decoding=\"async\" class=\"alignnone size-large wp-image-12663\" src=\"https:\/\/www.zeke.com.br\/blog\/wp-content\/uploads\/2024\/07\/jose-esposa-potifar-1024x574.jpg\" alt=\"Jos\u00e9 e a Esposa de Potifar\" width=\"1024\" height=\"574\" srcset=\"https:\/\/www.zeke.com.br\/blog\/wp-content\/uploads\/2024\/07\/jose-esposa-potifar-1024x574.jpg 1024w, https:\/\/www.zeke.com.br\/blog\/wp-content\/uploads\/2024\/07\/jose-esposa-potifar-300x168.jpg 300w, https:\/\/www.zeke.com.br\/blog\/wp-content\/uploads\/2024\/07\/jose-esposa-potifar-768x430.jpg 768w, https:\/\/www.zeke.com.br\/blog\/wp-content\/uploads\/2024\/07\/jose-esposa-potifar.jpg 1456w\" sizes=\"(max-width: 1024px) 100vw, 1024px\" \/><\/p>\n<p>Jos\u00e9, agora um homem de posi\u00e7\u00e3o e respeito na casa de Potifar, chamou a aten\u00e7\u00e3o da esposa de Potifar. Ela era uma mulher de beleza e poder, acostumada a ter o que queria. E ela queria Jos\u00e9!<\/p>\n<p><img loading=\"lazy\" decoding=\"async\" class=\"alignnone size-large wp-image-12698\" src=\"https:\/\/www.zeke.com.br\/blog\/wp-content\/uploads\/2024\/07\/mulher-potifar-1024x574.jpg\" alt=\"Mulher de Potifar\" width=\"1024\" height=\"574\" srcset=\"https:\/\/www.zeke.com.br\/blog\/wp-content\/uploads\/2024\/07\/mulher-potifar-1024x574.jpg 1024w, https:\/\/www.zeke.com.br\/blog\/wp-content\/uploads\/2024\/07\/mulher-potifar-300x168.jpg 300w, https:\/\/www.zeke.com.br\/blog\/wp-content\/uploads\/2024\/07\/mulher-potifar-768x430.jpg 768w, https:\/\/www.zeke.com.br\/blog\/wp-content\/uploads\/2024\/07\/mulher-potifar.jpg 1456w\" sizes=\"(max-width: 1024px) 100vw, 1024px\" \/><\/p>\n<p>Dia ap\u00f3s dia, ela tentou seduzir Jos\u00e9. Mas Jos\u00e9, fiel a Deus e a seu mestre Potifar, recusou suas investidas. Ele sabia que ceder \u00e0 tenta\u00e7\u00e3o seria uma trai\u00e7\u00e3o a Deus e a Potifar, que confiara nele.<\/p>\n<p>Jos\u00e9, o sonhador, mostrou-se um homem de integridade e car\u00e1ter. Mesmo diante da tenta\u00e7\u00e3o, ele se manteve firme, escolhendo honrar a Deus acima de tudo.<\/p>\n<p><img loading=\"lazy\" decoding=\"async\" class=\"alignnone size-large wp-image-12677\" src=\"https:\/\/www.zeke.com.br\/blog\/wp-content\/uploads\/2024\/07\/jose-olhando-pra-cima-1024x574.jpg\" alt=\"Jos\u00e9 Orando\" width=\"1024\" height=\"574\" srcset=\"https:\/\/www.zeke.com.br\/blog\/wp-content\/uploads\/2024\/07\/jose-olhando-pra-cima-1024x574.jpg 1024w, https:\/\/www.zeke.com.br\/blog\/wp-content\/uploads\/2024\/07\/jose-olhando-pra-cima-300x168.jpg 300w, https:\/\/www.zeke.com.br\/blog\/wp-content\/uploads\/2024\/07\/jose-olhando-pra-cima-768x430.jpg 768w, https:\/\/www.zeke.com.br\/blog\/wp-content\/uploads\/2024\/07\/jose-olhando-pra-cima.jpg 1456w\" sizes=\"(max-width: 1024px) 100vw, 1024px\" \/><\/p>\n<p>Mas a recusa de Jos\u00e9 em ceder \u00e0 tenta\u00e7\u00e3o teria consequ\u00eancias.<\/p>\n<p>A recusa constante de Jos\u00e9 \u00e0s investidas da esposa de Potifar finalmente chegou a um ponto cr\u00edtico. Enfurecida e humilhada pela rejei\u00e7\u00e3o, ela decidiu se vingar de Jos\u00e9.<\/p>\n<p><img loading=\"lazy\" decoding=\"async\" class=\"alignnone size-large wp-image-12592\" src=\"https:\/\/www.zeke.com.br\/blog\/wp-content\/uploads\/2024\/07\/esposa-potifar-tunica-1024x574.jpg\" alt=\"Esposa de Potifar com a T\u00fanica de Jos\u00e9\" width=\"1024\" height=\"574\" srcset=\"https:\/\/www.zeke.com.br\/blog\/wp-content\/uploads\/2024\/07\/esposa-potifar-tunica-1024x574.jpg 1024w, https:\/\/www.zeke.com.br\/blog\/wp-content\/uploads\/2024\/07\/esposa-potifar-tunica-300x168.jpg 300w, https:\/\/www.zeke.com.br\/blog\/wp-content\/uploads\/2024\/07\/esposa-potifar-tunica-768x430.jpg 768w, https:\/\/www.zeke.com.br\/blog\/wp-content\/uploads\/2024\/07\/esposa-potifar-tunica.jpg 1456w\" sizes=\"(max-width: 1024px) 100vw, 1024px\" \/><\/p>\n<p>Em um dia como qualquer outro, quando Jos\u00e9 estava realizando suas tarefas, a esposa de Potifar o acusou falsamente. Ela usou a t\u00fanica de Jos\u00e9, que ele havia deixado para tr\u00e1s em sua fuga, como &#8216;prova&#8217; de sua acusa\u00e7\u00e3o.<\/p>\n<p><img loading=\"lazy\" decoding=\"async\" class=\"alignnone size-large wp-image-12705\" src=\"https:\/\/www.zeke.com.br\/blog\/wp-content\/uploads\/2024\/07\/potifar-bravo-1024x574.jpg\" alt=\"Potifar Bravo\" width=\"1024\" height=\"574\" srcset=\"https:\/\/www.zeke.com.br\/blog\/wp-content\/uploads\/2024\/07\/potifar-bravo-1024x574.jpg 1024w, https:\/\/www.zeke.com.br\/blog\/wp-content\/uploads\/2024\/07\/potifar-bravo-300x168.jpg 300w, https:\/\/www.zeke.com.br\/blog\/wp-content\/uploads\/2024\/07\/potifar-bravo-768x430.jpg 768w, https:\/\/www.zeke.com.br\/blog\/wp-content\/uploads\/2024\/07\/potifar-bravo.jpg 1456w\" sizes=\"(max-width: 1024px) 100vw, 1024px\" \/><\/p>\n<p>Quando Potifar ouviu as alega\u00e7\u00f5es de sua esposa, ele ficou furioso. Sem dar a Jos\u00e9 a chance de se defender, Potifar mandou prend\u00ea-lo, acreditando nas palavras de sua esposa.<\/p>\n<p><img loading=\"lazy\" decoding=\"async\" class=\"alignnone size-large wp-image-12674\" src=\"https:\/\/www.zeke.com.br\/blog\/wp-content\/uploads\/2024\/07\/jose-na-prisao-1024x574.jpg\" alt=\"Jos\u00e9 na Pris\u00e3o\" width=\"1024\" height=\"574\" srcset=\"https:\/\/www.zeke.com.br\/blog\/wp-content\/uploads\/2024\/07\/jose-na-prisao-1024x574.jpg 1024w, https:\/\/www.zeke.com.br\/blog\/wp-content\/uploads\/2024\/07\/jose-na-prisao-300x168.jpg 300w, https:\/\/www.zeke.com.br\/blog\/wp-content\/uploads\/2024\/07\/jose-na-prisao-768x430.jpg 768w, https:\/\/www.zeke.com.br\/blog\/wp-content\/uploads\/2024\/07\/jose-na-prisao.jpg 1456w\" sizes=\"(max-width: 1024px) 100vw, 1024px\" \/><\/p>\n<p>E assim, Jos\u00e9, o sonhador, o homem de integridade, encontrou-se em uma cela de pris\u00e3o, v\u00edtima de uma mentira cruel. A vit\u00f3ria de Jos\u00e9 sobre a tenta\u00e7\u00e3o brota da disciplina di\u00e1ria de comunh\u00e3o com Deus \u2014 aquilo que hoje chamamos de vida de <a href=\"https:\/\/www.zeke.com.br\/blog\/oracao-na-biblia\/\">ora\u00e7\u00e3o<\/a> constante.<\/p>\n<h3>Ascens\u00e3o na Pris\u00e3o<\/h3>\n<p><img loading=\"lazy\" decoding=\"async\" class=\"alignnone size-large wp-image-12662\" src=\"https:\/\/www.zeke.com.br\/blog\/wp-content\/uploads\/2024\/07\/jose-esperancoso-1024x574.jpg\" alt=\"Jos\u00e9 mant\u00e9m a esperan\u00e7a\" width=\"1024\" height=\"574\" srcset=\"https:\/\/www.zeke.com.br\/blog\/wp-content\/uploads\/2024\/07\/jose-esperancoso-1024x574.jpg 1024w, https:\/\/www.zeke.com.br\/blog\/wp-content\/uploads\/2024\/07\/jose-esperancoso-300x168.jpg 300w, https:\/\/www.zeke.com.br\/blog\/wp-content\/uploads\/2024\/07\/jose-esperancoso-768x430.jpg 768w, https:\/\/www.zeke.com.br\/blog\/wp-content\/uploads\/2024\/07\/jose-esperancoso.jpg 1456w\" sizes=\"(max-width: 1024px) 100vw, 1024px\" \/><\/p>\n<p>Mesmo na pris\u00e3o, Jos\u00e9 n\u00e3o perdeu a f\u00e9 ou a esperan\u00e7a. Ele continuou a trabalhar com dilig\u00eancia e integridade, e logo chamou a aten\u00e7\u00e3o do carcereiro.<\/p>\n<p>O carcereiro viu em Jos\u00e9 o mesmo que Potifar havia visto &#8211; um homem de car\u00e1ter e habilidade. Ele colocou Jos\u00e9 encarregado de todos os outros prisioneiros, confiando-lhe a administra\u00e7\u00e3o da pris\u00e3o.<\/p>\n<p><img loading=\"lazy\" decoding=\"async\" class=\"alignnone size-large wp-image-12661\" src=\"https:\/\/www.zeke.com.br\/blog\/wp-content\/uploads\/2024\/07\/jose-encarregado-prisao-1024x574.jpg\" alt=\"Jos\u00e9 encarregado na pris\u00e3o\" width=\"1024\" height=\"574\" srcset=\"https:\/\/www.zeke.com.br\/blog\/wp-content\/uploads\/2024\/07\/jose-encarregado-prisao-1024x574.jpg 1024w, https:\/\/www.zeke.com.br\/blog\/wp-content\/uploads\/2024\/07\/jose-encarregado-prisao-300x168.jpg 300w, https:\/\/www.zeke.com.br\/blog\/wp-content\/uploads\/2024\/07\/jose-encarregado-prisao-768x430.jpg 768w, https:\/\/www.zeke.com.br\/blog\/wp-content\/uploads\/2024\/07\/jose-encarregado-prisao.jpg 1456w\" sizes=\"(max-width: 1024px) 100vw, 1024px\" \/><\/p>\n<p>Jos\u00e9, o sonhador, o escravo, o prisioneiro, tornou-se um l\u00edder mesmo dentro das paredes da pris\u00e3o. Ele administrou a pris\u00e3o com sabedoria e justi\u00e7a, ganhando o respeito do carcereiro e dos outros prisioneiros.<\/p>\n<p>E foi nesse ambiente que Jos\u00e9 encontrou dois novos companheiros de cela, cada um com um sonho que precisava ser interpretado.<\/p>\n<h3>Jos\u00e9 Interpreta Primeiro Sonho na Pris\u00e3o<\/h3>\n<p><img loading=\"lazy\" decoding=\"async\" class=\"alignnone size-large wp-image-12718\" src=\"https:\/\/www.zeke.com.br\/blog\/wp-content\/uploads\/2024\/07\/sonho-copeiro-1024x643.jpg\" alt=\"Sonho do Copeiro de Fara\u00f3\" width=\"1024\" height=\"643\" srcset=\"https:\/\/www.zeke.com.br\/blog\/wp-content\/uploads\/2024\/07\/sonho-copeiro-1024x643.jpg 1024w, https:\/\/www.zeke.com.br\/blog\/wp-content\/uploads\/2024\/07\/sonho-copeiro-300x188.jpg 300w, https:\/\/www.zeke.com.br\/blog\/wp-content\/uploads\/2024\/07\/sonho-copeiro-768x482.jpg 768w, https:\/\/www.zeke.com.br\/blog\/wp-content\/uploads\/2024\/07\/sonho-copeiro.jpg 1376w\" sizes=\"(max-width: 1024px) 100vw, 1024px\" \/><\/p>\n<p>Um dos novos companheiros de cela de Jos\u00e9 era o copeiro do fara\u00f3, que havia ca\u00eddo em desgra\u00e7a.<\/p>\n<p>Uma noite, o copeiro teve um sonho que o perturbou profundamente. No sonho, o copeiro viu uma videira com tr\u00eas ramos que brotavam uvas.<\/p>\n<p>Ele pegou as uvas, espremeu-as na ta\u00e7a do fara\u00f3 e a entregou ao fara\u00f3. Mas o que isso significava?<\/p>\n<p><img loading=\"lazy\" decoding=\"async\" class=\"alignnone size-large wp-image-12585\" src=\"https:\/\/www.zeke.com.br\/blog\/wp-content\/uploads\/2024\/07\/copeiro-servindo-1024x574.jpg\" alt=\"Copeiro Servindo\" width=\"1024\" height=\"574\" srcset=\"https:\/\/www.zeke.com.br\/blog\/wp-content\/uploads\/2024\/07\/copeiro-servindo-1024x574.jpg 1024w, https:\/\/www.zeke.com.br\/blog\/wp-content\/uploads\/2024\/07\/copeiro-servindo-300x168.jpg 300w, https:\/\/www.zeke.com.br\/blog\/wp-content\/uploads\/2024\/07\/copeiro-servindo-768x430.jpg 768w, https:\/\/www.zeke.com.br\/blog\/wp-content\/uploads\/2024\/07\/copeiro-servindo.jpg 1456w\" sizes=\"(max-width: 1024px) 100vw, 1024px\" \/><\/p>\n<p>Jos\u00e9, ao ouvir o sonho, foi capaz de interpret\u00e1-lo. Ele disse ao copeiro que os tr\u00eas ramos representavam tr\u00eas dias e que, em tr\u00eas dias, o fara\u00f3 restauraria o copeiro \u00e0 sua posi\u00e7\u00e3o.<\/p>\n<p><img loading=\"lazy\" decoding=\"async\" class=\"alignnone size-large wp-image-12702\" src=\"https:\/\/www.zeke.com.br\/blog\/wp-content\/uploads\/2024\/07\/paisagem-egito-1024x574.jpg\" alt=\"Paisagem Egito\" width=\"1024\" height=\"574\" srcset=\"https:\/\/www.zeke.com.br\/blog\/wp-content\/uploads\/2024\/07\/paisagem-egito-1024x574.jpg 1024w, https:\/\/www.zeke.com.br\/blog\/wp-content\/uploads\/2024\/07\/paisagem-egito-300x168.jpg 300w, https:\/\/www.zeke.com.br\/blog\/wp-content\/uploads\/2024\/07\/paisagem-egito-768x430.jpg 768w, https:\/\/www.zeke.com.br\/blog\/wp-content\/uploads\/2024\/07\/paisagem-egito.jpg 1456w\" sizes=\"(max-width: 1024px) 100vw, 1024px\" \/><\/p>\n<p>E foi com essa interpreta\u00e7\u00e3o que Jos\u00e9 mostrou, mais uma vez, seu dom especial. Mas havia outro sonho a ser interpretado, um sonho que traria not\u00edcias muito diferentes.<\/p>\n<h3>Jos\u00e9 Interpreta Segundo Sonho na Pris\u00e3o<\/h3>\n<p><img loading=\"lazy\" decoding=\"async\" class=\"alignnone size-large wp-image-12666\" src=\"https:\/\/www.zeke.com.br\/blog\/wp-content\/uploads\/2024\/07\/jose-falando-com-padeiro-1024x574.jpg\" alt=\"Jos\u00e9 conversando com seu amigo padeiro\" width=\"1024\" height=\"574\" srcset=\"https:\/\/www.zeke.com.br\/blog\/wp-content\/uploads\/2024\/07\/jose-falando-com-padeiro-1024x574.jpg 1024w, https:\/\/www.zeke.com.br\/blog\/wp-content\/uploads\/2024\/07\/jose-falando-com-padeiro-300x168.jpg 300w, https:\/\/www.zeke.com.br\/blog\/wp-content\/uploads\/2024\/07\/jose-falando-com-padeiro-768x430.jpg 768w, https:\/\/www.zeke.com.br\/blog\/wp-content\/uploads\/2024\/07\/jose-falando-com-padeiro.jpg 1456w\" sizes=\"(max-width: 1024px) 100vw, 1024px\" \/><\/p>\n<p>O outro companheiro de cela de Jos\u00e9 era o padeiro do fara\u00f3, que tamb\u00e9m havia ca\u00eddo em desgra\u00e7a. Inspirado pela interpreta\u00e7\u00e3o do sonho do copeiro, o padeiro decidiu compartilhar seu pr\u00f3prio sonho com Jos\u00e9.<\/p>\n<p>No sonho do padeiro, ele carregava tr\u00eas cestos de p\u00e3o branco na cabe\u00e7a, e os p\u00e1ssaros vinham e comiam do cesto superior. Mas o que isso significava?<\/p>\n<p><img loading=\"lazy\" decoding=\"async\" class=\"alignnone size-large wp-image-12701\" src=\"https:\/\/www.zeke.com.br\/blog\/wp-content\/uploads\/2024\/07\/padeiro-triste-1024x574.jpg\" alt=\"Padeiro Triste\" width=\"1024\" height=\"574\" srcset=\"https:\/\/www.zeke.com.br\/blog\/wp-content\/uploads\/2024\/07\/padeiro-triste-1024x574.jpg 1024w, https:\/\/www.zeke.com.br\/blog\/wp-content\/uploads\/2024\/07\/padeiro-triste-300x168.jpg 300w, https:\/\/www.zeke.com.br\/blog\/wp-content\/uploads\/2024\/07\/padeiro-triste-768x430.jpg 768w, https:\/\/www.zeke.com.br\/blog\/wp-content\/uploads\/2024\/07\/padeiro-triste.jpg 1456w\" sizes=\"(max-width: 1024px) 100vw, 1024px\" \/><\/p>\n<p>Jos\u00e9, ao ouvir o sonho, interpretou-o com uma not\u00edcia sombria. Ele disse ao padeiro que os tr\u00eas cestos tamb\u00e9m representavam tr\u00eas dias, mas que, em tr\u00eas dias, o fara\u00f3 tiraria a vida do padeiro.<\/p>\n<p>E foi com essa interpreta\u00e7\u00e3o que Jos\u00e9 mostrou, mais uma vez, que tinha um dom especial, mesmo que a mensagem fosse tr\u00e1gica. Mas Jos\u00e9 ainda estava na pris\u00e3o, esquecido por todos, exceto Deus.<\/p>\n<h3>Primeiro Sonho de Fara\u00f3<\/h3>\n<p><img loading=\"lazy\" decoding=\"async\" class=\"alignnone size-large wp-image-12725\" src=\"https:\/\/www.zeke.com.br\/blog\/wp-content\/uploads\/2024\/07\/vacas-boas-1024x574.jpg\" alt=\"Vacas Boas\" width=\"1024\" height=\"574\" srcset=\"https:\/\/www.zeke.com.br\/blog\/wp-content\/uploads\/2024\/07\/vacas-boas-1024x574.jpg 1024w, https:\/\/www.zeke.com.br\/blog\/wp-content\/uploads\/2024\/07\/vacas-boas-300x168.jpg 300w, https:\/\/www.zeke.com.br\/blog\/wp-content\/uploads\/2024\/07\/vacas-boas-768x430.jpg 768w, https:\/\/www.zeke.com.br\/blog\/wp-content\/uploads\/2024\/07\/vacas-boas.jpg 1456w\" sizes=\"(max-width: 1024px) 100vw, 1024px\" \/><\/p>\n<p>O Fara\u00f3, o governante do Egito, come\u00e7ou a ter sonhos perturbadores que ningu\u00e9m em sua corte podia interpretar. No primeiro sonho, o Fara\u00f3 estava de p\u00e9 \u00e0 beira do Rio Nilo.<\/p>\n<p>De repente, sete vacas gordas e saud\u00e1veis sa\u00edram do rio e come\u00e7aram a pastar entre os juncos.<\/p>\n<p>Ent\u00e3o, sete outras vacas, magras e doentes, subiram do rio e devoraram as sete vacas gordas e saud\u00e1veis. O sonho perturbou o Fara\u00f3, mas ningu\u00e9m em sua corte podia interpret\u00e1-lo.<\/p>\n<p><img loading=\"lazy\" decoding=\"async\" class=\"alignnone size-large wp-image-12726\" src=\"https:\/\/www.zeke.com.br\/blog\/wp-content\/uploads\/2024\/07\/vacas-ruins-1024x574.jpg\" alt=\"Vacas Ruins\" width=\"1024\" height=\"574\" srcset=\"https:\/\/www.zeke.com.br\/blog\/wp-content\/uploads\/2024\/07\/vacas-ruins-1024x574.jpg 1024w, https:\/\/www.zeke.com.br\/blog\/wp-content\/uploads\/2024\/07\/vacas-ruins-300x168.jpg 300w, https:\/\/www.zeke.com.br\/blog\/wp-content\/uploads\/2024\/07\/vacas-ruins-768x430.jpg 768w, https:\/\/www.zeke.com.br\/blog\/wp-content\/uploads\/2024\/07\/vacas-ruins.jpg 1456w\" sizes=\"(max-width: 1024px) 100vw, 1024px\" \/><\/p>\n<p>Mas havia um homem na pris\u00e3o que tinha o dom de interpretar sonhos, um homem que havia sido esquecido, mas que em breve seria lembrado.<\/p>\n<h3>Segundo Sonho de Fara\u00f3<\/h3>\n<p><img loading=\"lazy\" decoding=\"async\" class=\"alignnone size-large wp-image-12595\" src=\"https:\/\/www.zeke.com.br\/blog\/wp-content\/uploads\/2024\/07\/farao-pertubado-1024x574.jpg\" alt=\"Fara\u00f3 Perturbado\" width=\"1024\" height=\"574\" srcset=\"https:\/\/www.zeke.com.br\/blog\/wp-content\/uploads\/2024\/07\/farao-pertubado-1024x574.jpg 1024w, https:\/\/www.zeke.com.br\/blog\/wp-content\/uploads\/2024\/07\/farao-pertubado-300x168.jpg 300w, https:\/\/www.zeke.com.br\/blog\/wp-content\/uploads\/2024\/07\/farao-pertubado-768x430.jpg 768w, https:\/\/www.zeke.com.br\/blog\/wp-content\/uploads\/2024\/07\/farao-pertubado.jpg 1456w\" sizes=\"(max-width: 1024px) 100vw, 1024px\" \/><\/p>\n<p>Ainda perturbado pelo primeiro sonho, o Fara\u00f3 teve outro sonho. Desta vez, ele viu sete espigas de trigo, cheias e boas, crescendo em um \u00fanico talo.<\/p>\n<p><img loading=\"lazy\" decoding=\"async\" class=\"alignnone size-large wp-image-12589\" src=\"https:\/\/www.zeke.com.br\/blog\/wp-content\/uploads\/2024\/07\/espigas-boas-1024x574.jpg\" alt=\"Espigas Boas\" width=\"1024\" height=\"574\" srcset=\"https:\/\/www.zeke.com.br\/blog\/wp-content\/uploads\/2024\/07\/espigas-boas-1024x574.jpg 1024w, https:\/\/www.zeke.com.br\/blog\/wp-content\/uploads\/2024\/07\/espigas-boas-300x168.jpg 300w, https:\/\/www.zeke.com.br\/blog\/wp-content\/uploads\/2024\/07\/espigas-boas-768x430.jpg 768w, https:\/\/www.zeke.com.br\/blog\/wp-content\/uploads\/2024\/07\/espigas-boas.jpg 1456w\" sizes=\"(max-width: 1024px) 100vw, 1024px\" \/><\/p>\n<p>Ent\u00e3o, sete espigas, magras e queimadas pelo vento do leste, brotaram ap\u00f3s as primeiras. E as espigas magras devoraram as sete espigas cheias e boas. Mais uma vez, o Fara\u00f3 acordou perturbado, mas ningu\u00e9m em sua corte podia interpretar o sonho.<\/p>\n<p><img loading=\"lazy\" decoding=\"async\" class=\"alignnone size-large wp-image-12590\" src=\"https:\/\/www.zeke.com.br\/blog\/wp-content\/uploads\/2024\/07\/espigas-ruins-1024x574.jpg\" alt=\"Espigas Ruins\" width=\"1024\" height=\"574\" srcset=\"https:\/\/www.zeke.com.br\/blog\/wp-content\/uploads\/2024\/07\/espigas-ruins-1024x574.jpg 1024w, https:\/\/www.zeke.com.br\/blog\/wp-content\/uploads\/2024\/07\/espigas-ruins-300x168.jpg 300w, https:\/\/www.zeke.com.br\/blog\/wp-content\/uploads\/2024\/07\/espigas-ruins-768x430.jpg 768w, https:\/\/www.zeke.com.br\/blog\/wp-content\/uploads\/2024\/07\/espigas-ruins.jpg 1456w\" sizes=\"(max-width: 1024px) 100vw, 1024px\" \/><\/p>\n<p>O Fara\u00f3 estava desesperado por respostas. E foi nesse momento de desespero que um certo copeiro se lembrou de um homem que conhecia na pris\u00e3o, um homem que tinha o dom de interpretar sonhos.<\/p>\n<h3>Interpreta\u00e7\u00e3o do Sonho de Fara\u00f3<\/h3>\n<p><img loading=\"lazy\" decoding=\"async\" class=\"alignnone wp-image-12598 size-large\" src=\"https:\/\/www.zeke.com.br\/blog\/wp-content\/uploads\/2024\/07\/farao-trono-1024x574.jpg\" alt=\"Fara\u00f3 no Trono\" width=\"1024\" height=\"574\" srcset=\"https:\/\/www.zeke.com.br\/blog\/wp-content\/uploads\/2024\/07\/farao-trono-1024x574.jpg 1024w, https:\/\/www.zeke.com.br\/blog\/wp-content\/uploads\/2024\/07\/farao-trono-300x168.jpg 300w, https:\/\/www.zeke.com.br\/blog\/wp-content\/uploads\/2024\/07\/farao-trono-768x430.jpg 768w, https:\/\/www.zeke.com.br\/blog\/wp-content\/uploads\/2024\/07\/farao-trono.jpg 1456w\" sizes=\"(max-width: 1024px) 100vw, 1024px\" \/><\/p>\n<p>O copeiro, lembrando-se de Jos\u00e9 e de sua habilidade em interpretar sonhos, contou ao Fara\u00f3 sobre ele. Sem demora, Jos\u00e9 foi tirado da pris\u00e3o e levado \u00e0 presen\u00e7a do Fara\u00f3.<\/p>\n<p>O Fara\u00f3 contou a Jos\u00e9 seus sonhos perturbadores. Jos\u00e9, com a ajuda de Deus, interpretou os sonhos. Ele explicou que as sete vacas gordas e as sete espigas boas representavam sete anos de abund\u00e2ncia.<\/p>\n<p>As sete vacas magras e as sete espigas magras representavam sete anos de fome que seguiriam os anos de abund\u00e2ncia.<\/p>\n<p><img loading=\"lazy\" decoding=\"async\" class=\"alignnone size-large wp-image-12657\" src=\"https:\/\/www.zeke.com.br\/blog\/wp-content\/uploads\/2024\/07\/jose-de-pe-1024x574.jpg\" alt=\"Jos\u00e9 de P\u00e9\" width=\"1024\" height=\"574\" srcset=\"https:\/\/www.zeke.com.br\/blog\/wp-content\/uploads\/2024\/07\/jose-de-pe-1024x574.jpg 1024w, https:\/\/www.zeke.com.br\/blog\/wp-content\/uploads\/2024\/07\/jose-de-pe-300x168.jpg 300w, https:\/\/www.zeke.com.br\/blog\/wp-content\/uploads\/2024\/07\/jose-de-pe-768x430.jpg 768w, https:\/\/www.zeke.com.br\/blog\/wp-content\/uploads\/2024\/07\/jose-de-pe.jpg 1456w\" sizes=\"(max-width: 1024px) 100vw, 1024px\" \/><\/p>\n<p>Jos\u00e9 aconselhou o Fara\u00f3 a se preparar para os anos de fome durante os anos de abund\u00e2ncia. A interpreta\u00e7\u00e3o de Jos\u00e9 dos sonhos do Fara\u00f3 n\u00e3o apenas lhe deu respostas, mas tamb\u00e9m um plano de a\u00e7\u00e3o.<\/p>\n<h3>Ganha Confian\u00e7a de Fara\u00f3 e Ascens\u00e3o ao Governo<\/h3>\n<p><img loading=\"lazy\" decoding=\"async\" class=\"alignnone size-large wp-image-12685\" src=\"https:\/\/www.zeke.com.br\/blog\/wp-content\/uploads\/2024\/07\/jose-roupas-nobres-1024x574.jpg\" alt=\"Jos\u00e9 com Roupas Nobres\" width=\"1024\" height=\"574\" srcset=\"https:\/\/www.zeke.com.br\/blog\/wp-content\/uploads\/2024\/07\/jose-roupas-nobres-1024x574.jpg 1024w, https:\/\/www.zeke.com.br\/blog\/wp-content\/uploads\/2024\/07\/jose-roupas-nobres-300x168.jpg 300w, https:\/\/www.zeke.com.br\/blog\/wp-content\/uploads\/2024\/07\/jose-roupas-nobres-768x430.jpg 768w, https:\/\/www.zeke.com.br\/blog\/wp-content\/uploads\/2024\/07\/jose-roupas-nobres.jpg 1456w\" sizes=\"(max-width: 1024px) 100vw, 1024px\" \/><\/p>\n<p>Impressionado com a sabedoria de Jos\u00e9 e a precis\u00e3o de sua interpreta\u00e7\u00e3o, o Fara\u00f3 decidiu agir. Ele vestiu Jos\u00e9 com roupas nobres, um sinal de sua nova posi\u00e7\u00e3o de autoridade.<\/p>\n<p>Aquele menino da Cana\u00e3 agora se torna o Jos\u00e9 do Egito.<\/p>\n<p>O Fara\u00f3 tamb\u00e9m deu a Jos\u00e9 uma esposa, Asenath, filha de Pot\u00edfera, sacerdote de On.<\/p>\n<p>E mais importante, o Fara\u00f3 confiou a Jos\u00e9 a miss\u00e3o de preparar o Egito para os sete anos de fome que viriam ap\u00f3s os sete anos de abund\u00e2ncia.<\/p>\n<p><img loading=\"lazy\" decoding=\"async\" class=\"alignnone size-large wp-image-12575\" src=\"https:\/\/www.zeke.com.br\/blog\/wp-content\/uploads\/2024\/07\/asenath-1024x574.jpg\" alt=\"Asenath\" width=\"1024\" height=\"574\" srcset=\"https:\/\/www.zeke.com.br\/blog\/wp-content\/uploads\/2024\/07\/asenath-1024x574.jpg 1024w, https:\/\/www.zeke.com.br\/blog\/wp-content\/uploads\/2024\/07\/asenath-300x168.jpg 300w, https:\/\/www.zeke.com.br\/blog\/wp-content\/uploads\/2024\/07\/asenath-768x430.jpg 768w, https:\/\/www.zeke.com.br\/blog\/wp-content\/uploads\/2024\/07\/asenath.jpg 1456w\" sizes=\"(max-width: 1024px) 100vw, 1024px\" \/><\/p>\n<p>Jos\u00e9, o sonhador, o escravo, o prisioneiro, agora era o governador do Egito, o segundo em comando apenas para o Fara\u00f3.<\/p>\n<p>Ele assumiu a tarefa com a mesma dilig\u00eancia e sabedoria que havia mostrado em todas as suas outras posi\u00e7\u00f5es.<\/p>\n<p><img loading=\"lazy\" decoding=\"async\" class=\"alignnone size-large wp-image-12670\" src=\"https:\/\/www.zeke.com.br\/blog\/wp-content\/uploads\/2024\/07\/jose-governador-1024x574.jpg\" alt=\"Jos\u00e9 Governador\" width=\"1024\" height=\"574\" srcset=\"https:\/\/www.zeke.com.br\/blog\/wp-content\/uploads\/2024\/07\/jose-governador-1024x574.jpg 1024w, https:\/\/www.zeke.com.br\/blog\/wp-content\/uploads\/2024\/07\/jose-governador-300x168.jpg 300w, https:\/\/www.zeke.com.br\/blog\/wp-content\/uploads\/2024\/07\/jose-governador-768x430.jpg 768w, https:\/\/www.zeke.com.br\/blog\/wp-content\/uploads\/2024\/07\/jose-governador.jpg 1456w\" sizes=\"(max-width: 1024px) 100vw, 1024px\" \/><\/p>\n<p>E assim, Jos\u00e9 come\u00e7ou a preparar o Egito para os tempos dif\u00edceis que estavam por vir.<\/p>\n<h3>Quem Era o Governador do Egito Antes de Jos\u00e9?<\/h3>\n<p>Antes de Jos\u00e9 se tornar governador do Egito, o t\u00edtulo de governador, ou vizir, era normalmente ocupado por um oficial de alta patente do fara\u00f3, mas a B\u00edblia Sagrada n\u00e3o menciona explicitamente quem ocupava essa posi\u00e7\u00e3o antes de Jos\u00e9.<\/p>\n<p>O que se sabe \u00e9 que o fara\u00f3 do tempo de Jos\u00e9 nomeou-o para esse cargo ap\u00f3s interpretar seus sonhos. Jos\u00e9 se tornou uma figura importante durante o per\u00edodo de um grande governante eg\u00edpcio.<\/p>\n<p>Portanto, o relato b\u00edblico foca em Jos\u00e9 e sua ascens\u00e3o ao poder, sem dar detalhes sobre o governador anterior.<\/p>\n<p>Em termos hist\u00f3ricos, o Antigo Egito era governado por uma dinastia de fara\u00f3s, e o vizir atuava como o bra\u00e7o direito do fara\u00f3, mas n\u00e3o temos um nome espec\u00edfico para o predecessor imediato de Jos\u00e9.<\/p>\n<h3>In\u00edcio do Tempo de Fome no Egito<\/h3>\n<p><img loading=\"lazy\" decoding=\"async\" class=\"alignnone size-large wp-image-12582\" src=\"https:\/\/www.zeke.com.br\/blog\/wp-content\/uploads\/2024\/07\/cidade-pobre-1024x574.jpg\" alt=\"Cidade Pobre\" width=\"1024\" height=\"574\" srcset=\"https:\/\/www.zeke.com.br\/blog\/wp-content\/uploads\/2024\/07\/cidade-pobre-1024x574.jpg 1024w, https:\/\/www.zeke.com.br\/blog\/wp-content\/uploads\/2024\/07\/cidade-pobre-300x168.jpg 300w, https:\/\/www.zeke.com.br\/blog\/wp-content\/uploads\/2024\/07\/cidade-pobre-768x430.jpg 768w, https:\/\/www.zeke.com.br\/blog\/wp-content\/uploads\/2024\/07\/cidade-pobre.jpg 1456w\" sizes=\"(max-width: 1024px) 100vw, 1024px\" \/><\/p>\n<p>Os sete anos de abund\u00e2ncia passaram, e como Jos\u00e9 havia previsto, os sete anos de fome come\u00e7aram. A fome n\u00e3o estava apenas no Egito, mas se espalhou por todas as terras.<\/p>\n<p>As pessoas de todas as na\u00e7\u00f5es vinham ao Egito para comprar comida. No in\u00edcio, eles tinham recursos para comprar os alimentos. Mas \u00e0 medida que os anos de fome continuavam, eles esgotaram tudo o que tinham.<\/p>\n<p><img loading=\"lazy\" decoding=\"async\" class=\"alignnone size-large wp-image-12703\" src=\"https:\/\/www.zeke.com.br\/blog\/wp-content\/uploads\/2024\/07\/pessoas-indo-egito-1024x574.jpg\" alt=\"Pessoas indo ao Egito\" width=\"1024\" height=\"574\" srcset=\"https:\/\/www.zeke.com.br\/blog\/wp-content\/uploads\/2024\/07\/pessoas-indo-egito-1024x574.jpg 1024w, https:\/\/www.zeke.com.br\/blog\/wp-content\/uploads\/2024\/07\/pessoas-indo-egito-300x168.jpg 300w, https:\/\/www.zeke.com.br\/blog\/wp-content\/uploads\/2024\/07\/pessoas-indo-egito-768x430.jpg 768w, https:\/\/www.zeke.com.br\/blog\/wp-content\/uploads\/2024\/07\/pessoas-indo-egito.jpg 1456w\" sizes=\"(max-width: 1024px) 100vw, 1024px\" \/><\/p>\n<p>A fome era t\u00e3o severa que as pessoas come\u00e7aram a se oferecer como escravos ao Egito em troca de comida.<\/p>\n<p>Jos\u00e9, agora governador do Egito, estava no centro de tudo, distribuindo os gr\u00e3os que havia armazenado durante os anos de abund\u00e2ncia.<\/p>\n<p><img loading=\"lazy\" decoding=\"async\" class=\"alignnone size-large wp-image-12581\" src=\"https:\/\/www.zeke.com.br\/blog\/wp-content\/uploads\/2024\/07\/carregando-saco-1024x574.jpg\" alt=\"Carregando Saco de Gr\u00e3os\" width=\"1024\" height=\"574\" srcset=\"https:\/\/www.zeke.com.br\/blog\/wp-content\/uploads\/2024\/07\/carregando-saco-1024x574.jpg 1024w, https:\/\/www.zeke.com.br\/blog\/wp-content\/uploads\/2024\/07\/carregando-saco-300x168.jpg 300w, https:\/\/www.zeke.com.br\/blog\/wp-content\/uploads\/2024\/07\/carregando-saco-768x430.jpg 768w, https:\/\/www.zeke.com.br\/blog\/wp-content\/uploads\/2024\/07\/carregando-saco.jpg 1456w\" sizes=\"(max-width: 1024px) 100vw, 1024px\" \/><\/p>\n<p>E assim, o Egito tornou-se um ref\u00fagio para as na\u00e7\u00f5es famintas. Mas a fome tamb\u00e9m atingiu a terra de Cana\u00e3, onde Jac\u00f3 e seus filhos viviam.<\/p>\n<h3>Irm\u00e3os V\u00e3o para o Egito<\/h3>\n<p>Jac\u00f3 enviou seus filhos ao Egito para comprar comida. Mas Jac\u00f3 n\u00e3o enviou todos os seus filhos. Ele decidiu manter o mais novo, Benjamim, com ele, temendo que algum mal pudesse acontecer a ele.<\/p>\n<figure id=\"attachment_12578\" aria-describedby=\"caption-attachment-12578\" style=\"width: 1014px\" class=\"wp-caption alignnone\"><img loading=\"lazy\" decoding=\"async\" class=\"size-large wp-image-12578\" src=\"https:\/\/www.zeke.com.br\/blog\/wp-content\/uploads\/2024\/07\/benjamin-1024x574.jpg\" alt=\"Benjamin\" width=\"1024\" height=\"574\" srcset=\"https:\/\/www.zeke.com.br\/blog\/wp-content\/uploads\/2024\/07\/benjamin-1024x574.jpg 1024w, https:\/\/www.zeke.com.br\/blog\/wp-content\/uploads\/2024\/07\/benjamin-300x168.jpg 300w, https:\/\/www.zeke.com.br\/blog\/wp-content\/uploads\/2024\/07\/benjamin-768x430.jpg 768w, https:\/\/www.zeke.com.br\/blog\/wp-content\/uploads\/2024\/07\/benjamin.jpg 1456w\" sizes=\"(max-width: 1024px) 100vw, 1024px\" \/><figcaption id=\"caption-attachment-12578\" class=\"wp-caption-text\">Benjamin<\/figcaption><\/figure>\n<p>E assim, os irm\u00e3os de Jos\u00e9, os mesmos que o haviam vendido como escravo, partiram para o Egito, sem saber que estavam prestes a se encontrar com o irm\u00e3o que pensavam estar morto.<\/p>\n<h3>Jos\u00e9 Reconhece os Irm\u00e3os<\/h3>\n<p><img loading=\"lazy\" decoding=\"async\" class=\"alignnone size-large wp-image-12620\" src=\"https:\/\/www.zeke.com.br\/blog\/wp-content\/uploads\/2024\/07\/irmaos-no-egito-1024x574.jpg\" alt=\"Irm\u00e3os de Jos\u00e9 no Egito\" width=\"1024\" height=\"574\" srcset=\"https:\/\/www.zeke.com.br\/blog\/wp-content\/uploads\/2024\/07\/irmaos-no-egito-1024x574.jpg 1024w, https:\/\/www.zeke.com.br\/blog\/wp-content\/uploads\/2024\/07\/irmaos-no-egito-300x168.jpg 300w, https:\/\/www.zeke.com.br\/blog\/wp-content\/uploads\/2024\/07\/irmaos-no-egito-768x430.jpg 768w, https:\/\/www.zeke.com.br\/blog\/wp-content\/uploads\/2024\/07\/irmaos-no-egito.jpg 1456w\" sizes=\"(max-width: 1024px) 100vw, 1024px\" \/><\/p>\n<p>Os irm\u00e3os de Jos\u00e9 chegaram ao Egito, desesperados por comida. Eles foram levados \u00e0 presen\u00e7a do governador do Egito, sem saber que estavam diante de seu pr\u00f3prio irm\u00e3o.<\/p>\n<p>Jos\u00e9, ao ver seus irm\u00e3os, reconheceu-os imediatamente. Mas ele manteve sua identidade em segredo. Ele se fez de estranho e falou com eles duramente, perguntando-lhes de onde vinham e por que estavam no Egito.<\/p>\n<p><img loading=\"lazy\" decoding=\"async\" class=\"alignnone size-large wp-image-12683\" src=\"https:\/\/www.zeke.com.br\/blog\/wp-content\/uploads\/2024\/07\/jose-questiona-irmaos-1024x574.jpg\" alt=\"Jos\u00e9 questiona seus irm\u00e3os\" width=\"1024\" height=\"574\" srcset=\"https:\/\/www.zeke.com.br\/blog\/wp-content\/uploads\/2024\/07\/jose-questiona-irmaos-1024x574.jpg 1024w, https:\/\/www.zeke.com.br\/blog\/wp-content\/uploads\/2024\/07\/jose-questiona-irmaos-300x168.jpg 300w, https:\/\/www.zeke.com.br\/blog\/wp-content\/uploads\/2024\/07\/jose-questiona-irmaos-768x430.jpg 768w, https:\/\/www.zeke.com.br\/blog\/wp-content\/uploads\/2024\/07\/jose-questiona-irmaos.jpg 1456w\" sizes=\"(max-width: 1024px) 100vw, 1024px\" \/><\/p>\n<p>Os irm\u00e3os de Jos\u00e9, sem reconhec\u00ea-lo, responderam a suas perguntas, sem saber que estavam plantando as sementes de uma prova que Jos\u00e9 estava prestes a lhes impor.<\/p>\n<p>Jos\u00e9 e o Plano para &#8220;Prender&#8221; seus Irm\u00e3os<\/p>\n<p>Jos\u00e9, ainda se passando por um estranho, acusou seus irm\u00e3os de serem espi\u00f5es que vieram sondar a terra do Egito. Eles negaram veementemente, revelando que eram filhos de um mesmo pai.<\/p>\n<p>Jos\u00e9 perguntou se o pai deles ainda vivia e descobriu que tinha mais um irm\u00e3o, Benjamin. Ao ouvir sobre Benjamin, Jos\u00e9 se emocionou, mas manteve sua compostura.<\/p>\n<p><img loading=\"lazy\" decoding=\"async\" class=\"alignnone size-large wp-image-12649\" src=\"https:\/\/www.zeke.com.br\/blog\/wp-content\/uploads\/2024\/07\/jose-benjamin-1024x574.jpg\" alt=\"Jos\u00e9 e Benjamin\" width=\"1024\" height=\"574\" srcset=\"https:\/\/www.zeke.com.br\/blog\/wp-content\/uploads\/2024\/07\/jose-benjamin-1024x574.jpg 1024w, https:\/\/www.zeke.com.br\/blog\/wp-content\/uploads\/2024\/07\/jose-benjamin-300x168.jpg 300w, https:\/\/www.zeke.com.br\/blog\/wp-content\/uploads\/2024\/07\/jose-benjamin-768x430.jpg 768w, https:\/\/www.zeke.com.br\/blog\/wp-content\/uploads\/2024\/07\/jose-benjamin.jpg 1456w\" sizes=\"(max-width: 1024px) 100vw, 1024px\" \/><\/p>\n<p>Ent\u00e3o, Jos\u00e9 ordenou a seus servos que fornecessem mais mantimentos ao carregamento de seus irm\u00e3os e que devolvesse tudo que foi pago por eles.<\/p>\n<p>Ele tamb\u00e9m pediu que um dos irm\u00e3os ficasse no Egito, enquanto os outros voltavam para buscar Benjamin, como prova de que estavam falando a verdade.<\/p>\n<p><img loading=\"lazy\" decoding=\"async\" class=\"alignnone size-large wp-image-12606\" src=\"https:\/\/www.zeke.com.br\/blog\/wp-content\/uploads\/2024\/07\/irmaos-com-alimentos-1024x574.jpg\" alt=\"Irm\u00e3os de Jos\u00e9 carregando alimentos\" width=\"1024\" height=\"574\" srcset=\"https:\/\/www.zeke.com.br\/blog\/wp-content\/uploads\/2024\/07\/irmaos-com-alimentos-1024x574.jpg 1024w, https:\/\/www.zeke.com.br\/blog\/wp-content\/uploads\/2024\/07\/irmaos-com-alimentos-300x168.jpg 300w, https:\/\/www.zeke.com.br\/blog\/wp-content\/uploads\/2024\/07\/irmaos-com-alimentos-768x430.jpg 768w, https:\/\/www.zeke.com.br\/blog\/wp-content\/uploads\/2024\/07\/irmaos-com-alimentos.jpg 1456w\" sizes=\"(max-width: 1024px) 100vw, 1024px\" \/><\/p>\n<p>E assim, os irm\u00e3os de Jos\u00e9 partiram para Cana\u00e3, carregados de mantimentos e com uma miss\u00e3o: trazer Benjamin de volta ao Egito.<\/p>\n<h3>Irm\u00e3os Voltam para Cana\u00e3<\/h3>\n<p>Os irm\u00e3os de Jos\u00e9 retornaram do Egito, carregados de mantimentos. Eles chegaram em casa com sacos cheios de gr\u00e3os, mas com os cora\u00e7\u00f5es pesados.<\/p>\n<p>Eles contaram a Jac\u00f3 tudo o que havia acontecido no Egito, cada detalhe da estranha intera\u00e7\u00e3o com o governador do Egito.<\/p>\n<p>Jac\u00f3, ao ouvir que um de seus filhos havia ficado no Egito, ficou angustiado. Seus olhos, j\u00e1 cansados e tristes, se encheram de l\u00e1grimas.<\/p>\n<p>Os irm\u00e3os explicaram que o governador do Egito exigia que Benjamin fosse levado at\u00e9 ele, como prova de que eles n\u00e3o haviam mentido sobre a exist\u00eancia de um pai vivo e um irm\u00e3o mais novo.<\/p>\n<p><img loading=\"lazy\" decoding=\"async\" class=\"alignnone size-large wp-image-12644\" src=\"https:\/\/www.zeke.com.br\/blog\/wp-content\/uploads\/2024\/07\/jaco-rosto-triste-1024x574.jpg\" alt=\"Jac\u00f3 Triste\" width=\"1024\" height=\"574\" srcset=\"https:\/\/www.zeke.com.br\/blog\/wp-content\/uploads\/2024\/07\/jaco-rosto-triste-1024x574.jpg 1024w, https:\/\/www.zeke.com.br\/blog\/wp-content\/uploads\/2024\/07\/jaco-rosto-triste-300x168.jpg 300w, https:\/\/www.zeke.com.br\/blog\/wp-content\/uploads\/2024\/07\/jaco-rosto-triste-768x430.jpg 768w, https:\/\/www.zeke.com.br\/blog\/wp-content\/uploads\/2024\/07\/jaco-rosto-triste.jpg 1456w\" sizes=\"(max-width: 1024px) 100vw, 1024px\" \/><\/p>\n<p>Jac\u00f3 lamentou a ideia de levar Benjamin ao Egito. Ele disse que se algo acontecesse a Benjamin, ele morreria de tristeza.<\/p>\n<p>Ele se lembrou de Jos\u00e9, seu filho amado que havia perdido, e a ideia de perder outro filho era insuport\u00e1vel.<\/p>\n<p><img loading=\"lazy\" decoding=\"async\" class=\"alignnone size-large wp-image-12639\" src=\"https:\/\/www.zeke.com.br\/blog\/wp-content\/uploads\/2024\/07\/jaco-jose-lembranca-1024x574.jpg\" alt=\"Jos\u00e9 e Jac\u00f3\" width=\"1024\" height=\"574\" srcset=\"https:\/\/www.zeke.com.br\/blog\/wp-content\/uploads\/2024\/07\/jaco-jose-lembranca-1024x574.jpg 1024w, https:\/\/www.zeke.com.br\/blog\/wp-content\/uploads\/2024\/07\/jaco-jose-lembranca-300x168.jpg 300w, https:\/\/www.zeke.com.br\/blog\/wp-content\/uploads\/2024\/07\/jaco-jose-lembranca-768x430.jpg 768w, https:\/\/www.zeke.com.br\/blog\/wp-content\/uploads\/2024\/07\/jaco-jose-lembranca.jpg 1456w\" sizes=\"(max-width: 1024px) 100vw, 1024px\" \/><\/p>\n<p>E assim, a fam\u00edlia de Jac\u00f3 se encontrava em uma situa\u00e7\u00e3o desafiadora. A fome ainda assolava a terra, e a \u00fanica esperan\u00e7a de sobreviv\u00eancia era voltar ao Egito, desta vez, com Benjamin.<\/p>\n<h3>Irm\u00e3os Trazem o Mais Novo, Benjamin<\/h3>\n<p>Os irm\u00e3os de Jos\u00e9 voltaram ao Egito para buscar mais mantimentos, agora levando consigo Benjamin. A viagem foi longa e cheia de apreens\u00e3o, mas a necessidade de comida era maior do que o medo.<\/p>\n<p><img loading=\"lazy\" decoding=\"async\" class=\"alignnone size-large wp-image-12625\" src=\"https:\/\/www.zeke.com.br\/blog\/wp-content\/uploads\/2024\/07\/irmaos-voltam-deserto-1024x574.jpg\" alt=\"Irm\u00e3os de Jos\u00e9 voltam ao Deserto\" width=\"1024\" height=\"574\" srcset=\"https:\/\/www.zeke.com.br\/blog\/wp-content\/uploads\/2024\/07\/irmaos-voltam-deserto-1024x574.jpg 1024w, https:\/\/www.zeke.com.br\/blog\/wp-content\/uploads\/2024\/07\/irmaos-voltam-deserto-300x168.jpg 300w, https:\/\/www.zeke.com.br\/blog\/wp-content\/uploads\/2024\/07\/irmaos-voltam-deserto-768x430.jpg 768w, https:\/\/www.zeke.com.br\/blog\/wp-content\/uploads\/2024\/07\/irmaos-voltam-deserto.jpg 1456w\" sizes=\"(max-width: 1024px) 100vw, 1024px\" \/><\/p>\n<p>Jos\u00e9, ao ver Benjamin entre seus irm\u00e3os, sentiu uma emo\u00e7\u00e3o profunda, ao ponto que teve que sair da presen\u00e7a de seus irm\u00e3os, ele chorou de alegria por causa de seu irm\u00e3o mais novo.<\/p>\n<p>Ap\u00f3s se recompor, Jos\u00e9 convidou seus irm\u00e3os para um banquete, um gesto de hospitalidade que surpreendeu a todos.<\/p>\n<p>Durante o banquete, Jos\u00e9 ofereceu por\u00e7\u00f5es dobradas para Benjamin, um sinal de favoritismo que n\u00e3o passou despercebido.<\/p>\n<p><img loading=\"lazy\" decoding=\"async\" class=\"alignnone size-large wp-image-12577\" src=\"https:\/\/www.zeke.com.br\/blog\/wp-content\/uploads\/2024\/07\/banquete-1024x574.jpg\" alt=\"Banquete com Jos\u00e9\" width=\"1024\" height=\"574\" srcset=\"https:\/\/www.zeke.com.br\/blog\/wp-content\/uploads\/2024\/07\/banquete-1024x574.jpg 1024w, https:\/\/www.zeke.com.br\/blog\/wp-content\/uploads\/2024\/07\/banquete-300x168.jpg 300w, https:\/\/www.zeke.com.br\/blog\/wp-content\/uploads\/2024\/07\/banquete-768x430.jpg 768w, https:\/\/www.zeke.com.br\/blog\/wp-content\/uploads\/2024\/07\/banquete.jpg 1456w\" sizes=\"(max-width: 1024px) 100vw, 1024px\" \/><\/p>\n<p>Ap\u00f3s o banquete, os irm\u00e3os de Jos\u00e9 decidiram partir. Mas Jos\u00e9 tinha um plano. Ele pediu a seus servos que colocassem seu c\u00e1lice entre os pertences de Benjamin.<\/p>\n<h3>O Teste de Jos\u00e9 aos seus Irm\u00e3os<\/h3>\n<p>Os servos de Jos\u00e9 colocaram um c\u00e1lice entre os pertences de Benjamin. Com o amanhecer, Jos\u00e9 enviou servos e soldados at\u00e9 seus irm\u00e3os que j\u00e1 estavam partindo do Egito.<\/p>\n<p>Um dos servos de Jos\u00e9 anuncia que algu\u00e9m roubou algo e que isso foi uma injusti\u00e7a.<\/p>\n<p>Ruben, diz que os servos de Jos\u00e9 podem vasculhar os pertences de todos e que aquele ao qual encontrarem o c\u00e1lice de Jos\u00e9 que seja dado como escravo.<\/p>\n<p><img loading=\"lazy\" decoding=\"async\" class=\"alignnone size-large wp-image-12714\" src=\"https:\/\/www.zeke.com.br\/blog\/wp-content\/uploads\/2024\/07\/servo-acusando-1024x574.jpg\" alt=\"Servo Acusando\" width=\"1024\" height=\"574\" srcset=\"https:\/\/www.zeke.com.br\/blog\/wp-content\/uploads\/2024\/07\/servo-acusando-1024x574.jpg 1024w, https:\/\/www.zeke.com.br\/blog\/wp-content\/uploads\/2024\/07\/servo-acusando-300x168.jpg 300w, https:\/\/www.zeke.com.br\/blog\/wp-content\/uploads\/2024\/07\/servo-acusando-768x430.jpg 768w, https:\/\/www.zeke.com.br\/blog\/wp-content\/uploads\/2024\/07\/servo-acusando.jpg 1456w\" sizes=\"(max-width: 1024px) 100vw, 1024px\" \/><\/p>\n<p>Os servos de Jos\u00e9 encontram o c\u00e1lice nos pertences de Benjamin. O sil\u00eancio cai sobre o grupo.<\/p>\n<p>Na sequ\u00eancia, os irm\u00e3os ficam consternados, caem em prantos, lamentando por saberem que seu irm\u00e3o mais novo, Benjamin, ter\u00e1 que arcar com as consequ\u00eancias.<\/p>\n<p><img loading=\"lazy\" decoding=\"async\" class=\"alignnone size-large wp-image-12716\" src=\"https:\/\/www.zeke.com.br\/blog\/wp-content\/uploads\/2024\/07\/soldado-com-calice-1024x574.jpg\" alt=\"Soldado com um C\u00e1lice\" width=\"1024\" height=\"574\" srcset=\"https:\/\/www.zeke.com.br\/blog\/wp-content\/uploads\/2024\/07\/soldado-com-calice-1024x574.jpg 1024w, https:\/\/www.zeke.com.br\/blog\/wp-content\/uploads\/2024\/07\/soldado-com-calice-300x168.jpg 300w, https:\/\/www.zeke.com.br\/blog\/wp-content\/uploads\/2024\/07\/soldado-com-calice-768x430.jpg 768w, https:\/\/www.zeke.com.br\/blog\/wp-content\/uploads\/2024\/07\/soldado-com-calice.jpg 1456w\" sizes=\"(max-width: 1024px) 100vw, 1024px\" \/><\/p>\n<p>E assim, os irm\u00e3os de Jos\u00e9 s\u00e3o levados de volta ao Egito, com cora\u00e7\u00f5es pesados e muito medo sobre o que o Governador far\u00e1 com eles e com seu irm\u00e3o mais novo.<\/p>\n<h3>Jos\u00e9 se Revela aos seus Irm\u00e3os<\/h3>\n<p><img loading=\"lazy\" decoding=\"async\" class=\"alignnone size-large wp-image-12687\" src=\"https:\/\/www.zeke.com.br\/blog\/wp-content\/uploads\/2024\/07\/jose-severo-1024x574.jpg\" alt=\"Jos\u00e9 Severo\" width=\"1024\" height=\"574\" srcset=\"https:\/\/www.zeke.com.br\/blog\/wp-content\/uploads\/2024\/07\/jose-severo-1024x574.jpg 1024w, https:\/\/www.zeke.com.br\/blog\/wp-content\/uploads\/2024\/07\/jose-severo-300x168.jpg 300w, https:\/\/www.zeke.com.br\/blog\/wp-content\/uploads\/2024\/07\/jose-severo-768x430.jpg 768w, https:\/\/www.zeke.com.br\/blog\/wp-content\/uploads\/2024\/07\/jose-severo.jpg 1456w\" sizes=\"(max-width: 1024px) 100vw, 1024px\" \/><\/p>\n<p>Jos\u00e9, agora Governador do Egito, confronta seus irm\u00e3os sobre a injusti\u00e7a que cometeram. Ele os questiona, com voz firme e olhar penetrante, sobre o c\u00e1lice encontrado entre os pertences de Benjamin.<\/p>\n<p>Os irm\u00e3os de Jos\u00e9 lamentam, imploram que o Governador tenha miseric\u00f3rdia e que n\u00e3o fa\u00e7a mal \u00e0 Benjamin. Eles sabem que se algo acontecesse com ele, o seu pai Jac\u00f3 morreria de tristeza.<\/p>\n<p><img loading=\"lazy\" decoding=\"async\" class=\"alignnone size-large wp-image-12605\" src=\"https:\/\/www.zeke.com.br\/blog\/wp-content\/uploads\/2024\/07\/irmaos-ajoelhados-1024x574.jpg\" alt=\"Irm\u00e3os Ajoelhados\" width=\"1024\" height=\"574\" srcset=\"https:\/\/www.zeke.com.br\/blog\/wp-content\/uploads\/2024\/07\/irmaos-ajoelhados-1024x574.jpg 1024w, https:\/\/www.zeke.com.br\/blog\/wp-content\/uploads\/2024\/07\/irmaos-ajoelhados-300x168.jpg 300w, https:\/\/www.zeke.com.br\/blog\/wp-content\/uploads\/2024\/07\/irmaos-ajoelhados-768x430.jpg 768w, https:\/\/www.zeke.com.br\/blog\/wp-content\/uploads\/2024\/07\/irmaos-ajoelhados.jpg 1456w\" sizes=\"(max-width: 1024px) 100vw, 1024px\" \/><\/p>\n<p>Ent\u00e3o, Jud\u00e1, o mesmo que sugeriu vender Jos\u00e9 como escravo tantos anos atr\u00e1s, se oferece para ser escravo no lugar de Benjamin.<\/p>\n<p>Um gesto de sacrif\u00edcio e amor fraternal que surpreende a todos.<\/p>\n<p><img loading=\"lazy\" decoding=\"async\" class=\"alignnone size-large wp-image-12696\" src=\"https:\/\/www.zeke.com.br\/blog\/wp-content\/uploads\/2024\/07\/juda-3-1024x574.jpg\" alt=\"Jud\u00e1 se oferece como escravo\" width=\"1024\" height=\"574\" srcset=\"https:\/\/www.zeke.com.br\/blog\/wp-content\/uploads\/2024\/07\/juda-3-1024x574.jpg 1024w, https:\/\/www.zeke.com.br\/blog\/wp-content\/uploads\/2024\/07\/juda-3-300x168.jpg 300w, https:\/\/www.zeke.com.br\/blog\/wp-content\/uploads\/2024\/07\/juda-3-768x430.jpg 768w, https:\/\/www.zeke.com.br\/blog\/wp-content\/uploads\/2024\/07\/juda-3.jpg 1456w\" sizes=\"(max-width: 1024px) 100vw, 1024px\" \/><\/p>\n<p>E assim, Jos\u00e9 v\u00ea o arrependimento e a mudan\u00e7a em seus irm\u00e3os.<\/p>\n<p>Jos\u00e9 n\u00e3o consegue conter a emo\u00e7\u00e3o depois que Jud\u00e1 se oferece para ser escravo no lugar de Benjamin. Ele se desfaz de suas vestimentas eg\u00edpcias e, com l\u00e1grimas nos olhos, grita:<\/p>\n<p>&#8216;Eu sou o irm\u00e3o de voc\u00eas, Jos\u00e9, aquele que venderam como escravo.&#8217;<\/p>\n<p><img loading=\"lazy\" decoding=\"async\" class=\"alignnone size-large wp-image-12668\" src=\"https:\/\/www.zeke.com.br\/blog\/wp-content\/uploads\/2024\/07\/jose-feliz-bracos-abertos-1024x574.jpg\" alt=\"Jos\u00e9 est\u00e1 feliz\" width=\"1024\" height=\"574\" srcset=\"https:\/\/www.zeke.com.br\/blog\/wp-content\/uploads\/2024\/07\/jose-feliz-bracos-abertos-1024x574.jpg 1024w, https:\/\/www.zeke.com.br\/blog\/wp-content\/uploads\/2024\/07\/jose-feliz-bracos-abertos-300x168.jpg 300w, https:\/\/www.zeke.com.br\/blog\/wp-content\/uploads\/2024\/07\/jose-feliz-bracos-abertos-768x430.jpg 768w, https:\/\/www.zeke.com.br\/blog\/wp-content\/uploads\/2024\/07\/jose-feliz-bracos-abertos.jpg 1456w\" sizes=\"(max-width: 1024px) 100vw, 1024px\" \/><\/p>\n<p>Os irm\u00e3os ficam at\u00f4nitos. Jos\u00e9 pergunta se seu pai ainda vive. Eles n\u00e3o conseguem acreditar no que est\u00e1 acontecendo. O irm\u00e3o que eles venderam, agora \u00e9 o governador do Egito.<\/p>\n<p>Jos\u00e9, com um sorriso triste, diz aos seus irm\u00e3os que tudo o que aconteceu at\u00e9 ali estava nos planos de Deus. Que ele foi enviado antes para preservar a vida deles e de seu pai.<\/p>\n<p><img loading=\"lazy\" decoding=\"async\" class=\"alignnone size-large wp-image-12660\" src=\"https:\/\/www.zeke.com.br\/blog\/wp-content\/uploads\/2024\/07\/jose-emocionado-1024x574.jpg\" alt=\"Jos\u00e9 n\u00e3o cont\u00e9m sua emo\u00e7\u00e3o\" width=\"1024\" height=\"574\" srcset=\"https:\/\/www.zeke.com.br\/blog\/wp-content\/uploads\/2024\/07\/jose-emocionado-1024x574.jpg 1024w, https:\/\/www.zeke.com.br\/blog\/wp-content\/uploads\/2024\/07\/jose-emocionado-300x168.jpg 300w, https:\/\/www.zeke.com.br\/blog\/wp-content\/uploads\/2024\/07\/jose-emocionado-768x430.jpg 768w, https:\/\/www.zeke.com.br\/blog\/wp-content\/uploads\/2024\/07\/jose-emocionado.jpg 1456w\" sizes=\"(max-width: 1024px) 100vw, 1024px\" \/><\/p>\n<p>E assim, Jos\u00e9 se revela aos seus irm\u00e3os, um momento de emo\u00e7\u00e3o e perd\u00e3o.<\/p>\n<h3>Jos\u00e9 Manda Buscar Jac\u00f3<\/h3>\n<p>Jos\u00e9, agora reconciliado com seus irm\u00e3os, faz um pedido. Ele pede que eles voltem para Cana\u00e3, busquem seu pai Jac\u00f3 e toda a sua casa, e os tragam para viver com ele no Egito.<\/p>\n<p><img loading=\"lazy\" decoding=\"async\" class=\"alignnone size-large wp-image-12628\" src=\"https:\/\/www.zeke.com.br\/blog\/wp-content\/uploads\/2024\/07\/jaco-com-esposas-egito-1024x574.jpg\" alt=\"Jac\u00f3 com suas esposas no Egito\" width=\"1024\" height=\"574\" srcset=\"https:\/\/www.zeke.com.br\/blog\/wp-content\/uploads\/2024\/07\/jaco-com-esposas-egito-1024x574.jpg 1024w, https:\/\/www.zeke.com.br\/blog\/wp-content\/uploads\/2024\/07\/jaco-com-esposas-egito-300x168.jpg 300w, https:\/\/www.zeke.com.br\/blog\/wp-content\/uploads\/2024\/07\/jaco-com-esposas-egito-768x430.jpg 768w, https:\/\/www.zeke.com.br\/blog\/wp-content\/uploads\/2024\/07\/jaco-com-esposas-egito.jpg 1456w\" sizes=\"(max-width: 1024px) 100vw, 1024px\" \/><\/p>\n<p>Ele promete que eles viver\u00e3o na melhor parte do Egito, na terra de G\u00f3sen, onde ter\u00e3o abund\u00e2ncia mesmo em tempos de fome. Ele anseia por ver seu pai novamente, por abra\u00e7\u00e1-lo e contar-lhe tudo o que Deus fez em sua vida.<\/p>\n<p><img loading=\"lazy\" decoding=\"async\" class=\"alignnone size-large wp-image-12723\" src=\"https:\/\/www.zeke.com.br\/blog\/wp-content\/uploads\/2024\/07\/terra-gosen-1024x574.jpg\" alt=\"Terra de G\u00f3sen\" width=\"1024\" height=\"574\" srcset=\"https:\/\/www.zeke.com.br\/blog\/wp-content\/uploads\/2024\/07\/terra-gosen-1024x574.jpg 1024w, https:\/\/www.zeke.com.br\/blog\/wp-content\/uploads\/2024\/07\/terra-gosen-300x168.jpg 300w, https:\/\/www.zeke.com.br\/blog\/wp-content\/uploads\/2024\/07\/terra-gosen-768x430.jpg 768w, https:\/\/www.zeke.com.br\/blog\/wp-content\/uploads\/2024\/07\/terra-gosen.jpg 1456w\" sizes=\"(max-width: 1024px) 100vw, 1024px\" \/><\/p>\n<p>Os irm\u00e3os, ainda at\u00f4nitos com a revela\u00e7\u00e3o, concordam. Eles partem para Cana\u00e3, carregados de presentes e provis\u00f5es, e com uma mensagem de esperan\u00e7a para seu pai.<\/p>\n<p>E assim, Jos\u00e9 espera pela chegada de seu pai e de sua fam\u00edlia.<\/p>\n<h3>Jac\u00f3 Chega ao Egito<\/h3>\n<p>Ap\u00f3s uma longa viagem, Jac\u00f3 e sua fam\u00edlia finalmente chegam ao Egito. O reencontro entre Jos\u00e9 e seu pai \u00e9 emocionante. O filho perdido e o pai que sofreu por tantos anos finalmente se abra\u00e7am novamente.<\/p>\n<p>As l\u00e1grimas correm livremente, e o al\u00edvio e a alegria preenchem o ar.<\/p>\n<p><img loading=\"lazy\" decoding=\"async\" class=\"alignnone size-large wp-image-12647\" src=\"https:\/\/www.zeke.com.br\/blog\/wp-content\/uploads\/2024\/07\/jose-abraco-jaco-1024x574.jpg\" alt=\"Jos\u00e9 abra\u00e7a Jac\u00f3\" width=\"1024\" height=\"574\" srcset=\"https:\/\/www.zeke.com.br\/blog\/wp-content\/uploads\/2024\/07\/jose-abraco-jaco-1024x574.jpg 1024w, https:\/\/www.zeke.com.br\/blog\/wp-content\/uploads\/2024\/07\/jose-abraco-jaco-300x168.jpg 300w, https:\/\/www.zeke.com.br\/blog\/wp-content\/uploads\/2024\/07\/jose-abraco-jaco-768x430.jpg 768w, https:\/\/www.zeke.com.br\/blog\/wp-content\/uploads\/2024\/07\/jose-abraco-jaco.jpg 1456w\" sizes=\"(max-width: 1024px) 100vw, 1024px\" \/><\/p>\n<p>Jos\u00e9 apresenta sua esposa Asenate e seus dois filhos, Manass\u00e9s e Efraim, a Jac\u00f3. Ele relata tudo o que Deus fez em sua vida, desde o momento em que foi vendido como escravo at\u00e9 sua ascens\u00e3o ao poder no Egito.<\/p>\n<p>Ele fala sobre os desafios e as vit\u00f3rias, e como Deus esteve com ele em cada passo do caminho.<\/p>\n<p><img loading=\"lazy\" decoding=\"async\" class=\"alignnone size-large wp-image-12576\" src=\"https:\/\/www.zeke.com.br\/blog\/wp-content\/uploads\/2024\/07\/asenath-com-filhos-1024x574.jpg\" alt=\"Asenath com Filhos de Jos\u00e9\" width=\"1024\" height=\"574\" srcset=\"https:\/\/www.zeke.com.br\/blog\/wp-content\/uploads\/2024\/07\/asenath-com-filhos-1024x574.jpg 1024w, https:\/\/www.zeke.com.br\/blog\/wp-content\/uploads\/2024\/07\/asenath-com-filhos-300x168.jpg 300w, https:\/\/www.zeke.com.br\/blog\/wp-content\/uploads\/2024\/07\/asenath-com-filhos-768x430.jpg 768w, https:\/\/www.zeke.com.br\/blog\/wp-content\/uploads\/2024\/07\/asenath-com-filhos.jpg 1456w\" sizes=\"(max-width: 1024px) 100vw, 1024px\" \/><\/p>\n<p>Jac\u00f3, emocionado, agradece a Deus por permitir que ele veja seu filho novamente. Ele aben\u00e7oa Jos\u00e9 e seus filhos, e agradece a Deus por sua miseric\u00f3rdia e bondade.<\/p>\n<p>Ele olha para Jos\u00e9 com orgulho e admira\u00e7\u00e3o, vendo o homem que seu filho se tornou.<\/p>\n<p><img loading=\"lazy\" decoding=\"async\" class=\"alignnone size-large wp-image-12670\" src=\"https:\/\/www.zeke.com.br\/blog\/wp-content\/uploads\/2024\/07\/jose-governador-1024x574.jpg\" alt=\"Jos\u00e9 Governador\" width=\"1024\" height=\"574\" srcset=\"https:\/\/www.zeke.com.br\/blog\/wp-content\/uploads\/2024\/07\/jose-governador-1024x574.jpg 1024w, https:\/\/www.zeke.com.br\/blog\/wp-content\/uploads\/2024\/07\/jose-governador-300x168.jpg 300w, https:\/\/www.zeke.com.br\/blog\/wp-content\/uploads\/2024\/07\/jose-governador-768x430.jpg 768w, https:\/\/www.zeke.com.br\/blog\/wp-content\/uploads\/2024\/07\/jose-governador.jpg 1456w\" sizes=\"(max-width: 1024px) 100vw, 1024px\" \/><\/p>\n<p>Jos\u00e9 leva seu pai para conhecer o Fara\u00f3. Jac\u00f3, apesar de sua idade avan\u00e7ada, aben\u00e7oa o Fara\u00f3 e agradece por sua hospitalidade.<\/p>\n<p>Ele fala com sabedoria e gra\u00e7a, deixando uma impress\u00e3o duradoura no Fara\u00f3.<\/p>\n<p><img loading=\"lazy\" decoding=\"async\" class=\"alignnone size-large wp-image-12633\" src=\"https:\/\/www.zeke.com.br\/blog\/wp-content\/uploads\/2024\/07\/jaco-farao-1024x574.jpg\" alt=\"Fara\u00f3 e Jac\u00f3\" width=\"1024\" height=\"574\" srcset=\"https:\/\/www.zeke.com.br\/blog\/wp-content\/uploads\/2024\/07\/jaco-farao-1024x574.jpg 1024w, https:\/\/www.zeke.com.br\/blog\/wp-content\/uploads\/2024\/07\/jaco-farao-300x168.jpg 300w, https:\/\/www.zeke.com.br\/blog\/wp-content\/uploads\/2024\/07\/jaco-farao-768x430.jpg 768w, https:\/\/www.zeke.com.br\/blog\/wp-content\/uploads\/2024\/07\/jaco-farao.jpg 1456w\" sizes=\"(max-width: 1024px) 100vw, 1024px\" \/><\/p>\n<p>E assim, Jac\u00f3 e sua fam\u00edlia se estabelecem na terra de G\u00f3sen, onde s\u00e3o bem cuidados e prosperam.<\/p>\n<h3>Perguntas Frequentes sobre Jos\u00e9 do Egito<\/h3>\n<h4>Quem foi Jos\u00e9 do Egito?<\/h4>\n<p>Jos\u00e9 foi o 11\u00ba filho de Jac\u00f3, bisneto de Abra\u00e3o, vendido como escravo pelos pr\u00f3prios irm\u00e3os por inveja.<\/p>\n<p>Ap\u00f3s anos de escravid\u00e3o e pris\u00e3o no Egito, ascendeu a governador do pa\u00eds (segundo na hierarquia, depois do Fara\u00f3) ao interpretar os sonhos prof\u00e9ticos que anunciavam sete anos de fartura seguidos de sete anos de fome.<\/p>\n<h4>Qual foi a Hist\u00f3ria de Jos\u00e9 do Egito Resumida?<\/h4>\n<p>Jos\u00e9 foi vendido por seus irm\u00e3os aos 17 anos, trabalhou como escravo na casa de Potifar no Egito, foi preso injustamente ap\u00f3s recusar o ass\u00e9dio da esposa de Potifar, interpretou sonhos de outros prisioneiros e do Fara\u00f3, foi nomeado governador, administrou a fartura e a fome, e se reconciliou com os irm\u00e3os \u2014 salvando toda a fam\u00edlia de Israel da fome.<\/p>\n<h4>Por que Jos\u00e9 foi Vendido como Escravo?<\/h4>\n<p>Por inveja dos irm\u00e3os. Jac\u00f3 favorecia Jos\u00e9 (filho da amada Raquel) e lhe deu uma t\u00fanica especial. Jos\u00e9 tamb\u00e9m teve dois sonhos prof\u00e9ticos em que os irm\u00e3os e at\u00e9 os pais se prostravam diante dele.<\/p>\n<p>Os irm\u00e3os planejaram mat\u00e1-lo, mas R\u00faben sugeriu jog\u00e1-lo numa cisterna; depois Jud\u00e1 prop\u00f4s vend\u00ea-lo aos ismaelitas por 20 moedas de prata.<\/p>\n<h4>O que aconteceu com os irm\u00e3os de Jos\u00e9 no fim?<\/h4>\n<p>Anos depois, durante a fome no mundo conhecido, os irm\u00e3os vieram ao Egito comprar trigo \u2014 sem reconhecerem Jos\u00e9, agora governador. Jos\u00e9 os testou, revelou-se a eles e os perdoou publicamente (G\u00eanesis 45:4-8).<\/p>\n<p>Depois trouxe o pai Jac\u00f3 e toda a fam\u00edlia para morar no Egito, onde ficaram sob sua prote\u00e7\u00e3o. A hist\u00f3ria de Jos\u00e9 \u00e9 o exemplo arqu\u00e9tipo de <a href=\"https:\/\/www.zeke.com.br\/blog\/romanos-8-28\/\">Romanos 8:28<\/a>: &#8220;todas as coisas cooperam para o bem daqueles que amam a Deus&#8221;.<\/p>\n<p>Assim como s\u00e9culos depois <a href=\"https:\/\/www.zeke.com.br\/blog\/quem-foi-simao-cirineu\/\">Sim\u00e3o Cirineu<\/a> seria for\u00e7ado a carregar a cruz sem ter planejado nada, Jos\u00e9 foi colocado em circunst\u00e2ncias que n\u00e3o escolheu \u2014 e Deus as usou para salva\u00e7\u00e3o de muitos.<\/p>\n<h3>Conclus\u00e3o<\/h3>\n<p>Chegamos ao final da nossa jornada com Jos\u00e9 do Egito, o sonhador, e refletimos sobre as li\u00e7\u00f5es que podemos aprender com sua vida.<\/p>\n<p>Desde o in\u00edcio, Deus estava com Jos\u00e9. Ele o protegeu e o guiou, mesmo nos momentos mais dif\u00edceis.<\/p>\n<p>Desde o po\u00e7o em Cana\u00e3 at\u00e9 o pal\u00e1cio no Egito, Deus nunca abandonou Jos\u00e9. Ele transformou uma hist\u00f3ria de trai\u00e7\u00e3o e sofrimento em uma hist\u00f3ria de reden\u00e7\u00e3o e vit\u00f3ria.<\/p>\n<p>Deus tinha um plano maior para Jos\u00e9. Ele usou Jos\u00e9 para preservar a casa de Jac\u00f3 durante os anos de fome, cumprindo assim a promessa que fez a Abra\u00e3o.<\/p>\n<p>Deus transformou o que parecia ser um desastre em uma b\u00ean\u00e7\u00e3o, n\u00e3o apenas para Jos\u00e9, mas para toda a sua fam\u00edlia.<\/p>\n<p>A hist\u00f3ria de Jos\u00e9 nos ensina muitas li\u00e7\u00f5es. Nos ensina sobre a fidelidade de Deus, mesmo nas circunst\u00e2ncias mais dif\u00edceis. Nos ensina sobre a import\u00e2ncia do perd\u00e3o e da reconcilia\u00e7\u00e3o.<\/p>\n<p>E nos ensina que Deus pode usar todas as situa\u00e7\u00f5es para o bem daqueles que o amam.<\/p>\n<p>Obrigado por se juntar a n\u00f3s nesta jornada atrav\u00e9s da vida de Jos\u00e9. Esperamos que voc\u00ea tenha sido inspirado e encorajado por sua hist\u00f3ria. Se voc\u00ea gostou deste artigo, fa\u00e7a um coment\u00e1rio logo abaixo.<\/p>\n<p>E lembre-se: Deus est\u00e1 sempre no controle, mesmo quando as circunst\u00e2ncias parecem desafiadoras.<\/p>\n<p>Fique na paz!<\/p>\n","protected":false},"excerpt":{"rendered":"<p>Hoje, vamos embarcar em uma jornada atrav\u00e9s do tempo e explorar a complexa din\u00e2mica familiar de Jac\u00f3 e seus filhos, com um foco especial em seu filho Jos\u00e9. A hist\u00f3ria de Jos\u00e9 do Egito \u00e9, sem d\u00favida, uma das narrativas mais conhecidas do Antigo Testamento, registrada no livro de G\u00eanesis (cap\u00edtulos 37 a 50). Aqui &#8230; <a title=\"A Hist\u00f3ria de Jos\u00e9 do Egito &#8211; De Escravo a Governador\" class=\"read-more\" href=\"https:\/\/www.zeke.com.br\/blog\/historia-de-jose-do-egito\/\" aria-label=\"Read more about A Hist\u00f3ria de Jos\u00e9 do Egito &#8211; De Escravo a Governador\">Ler mais<\/a><\/p>\n","protected":false},"author":11,"featured_media":12691,"comment_status":"open","ping_status":"closed","sticky":false,"template":"","format":"standard","meta":{"_monsterinsights_skip_tracking":false,"_monsterinsights_sitenote_active":false,"_monsterinsights_sitenote_note":"","_monsterinsights_sitenote_category":0,"footnotes":""},"categories":[138],"tags":[],"class_list":["post-12571","post","type-post","status-publish","format-standard","has-post-thumbnail","hentry","category-devocionais"],"_links":{"self":[{"href":"https:\/\/www.zeke.com.br\/blog\/wp-json\/wp\/v2\/posts\/12571","targetHints":{"allow":["GET"]}}],"collection":[{"href":"https:\/\/www.zeke.com.br\/blog\/wp-json\/wp\/v2\/posts"}],"about":[{"href":"https:\/\/www.zeke.com.br\/blog\/wp-json\/wp\/v2\/types\/post"}],"author":[{"embeddable":true,"href":"https:\/\/www.zeke.com.br\/blog\/wp-json\/wp\/v2\/users\/11"}],"replies":[{"embeddable":true,"href":"https:\/\/www.zeke.com.br\/blog\/wp-json\/wp\/v2\/comments?post=12571"}],"version-history":[{"count":11,"href":"https:\/\/www.zeke.com.br\/blog\/wp-json\/wp\/v2\/posts\/12571\/revisions"}],"predecessor-version":[{"id":13687,"href":"https:\/\/www.zeke.com.br\/blog\/wp-json\/wp\/v2\/posts\/12571\/revisions\/13687"}],"wp:featuredmedia":[{"embeddable":true,"href":"https:\/\/www.zeke.com.br\/blog\/wp-json\/wp\/v2\/media\/12691"}],"wp:attachment":[{"href":"https:\/\/www.zeke.com.br\/blog\/wp-json\/wp\/v2\/media?parent=12571"}],"wp:term":[{"taxonomy":"category","embeddable":true,"href":"https:\/\/www.zeke.com.br\/blog\/wp-json\/wp\/v2\/categories?post=12571"},{"taxonomy":"post_tag","embeddable":true,"href":"https:\/\/www.zeke.com.br\/blog\/wp-json\/wp\/v2\/tags?post=12571"}],"curies":[{"name":"wp","href":"https:\/\/api.w.org\/{rel}","templated":true}]}}